{"id":18040,"date":"2023-04-22T11:00:00","date_gmt":"2023-04-22T09:00:00","guid":{"rendered":"https:\/\/www.defencetech.it\/?p=18040"},"modified":"2025-03-27T13:19:51","modified_gmt":"2025-03-27T12:19:51","slug":"earth-day-and-international-day-of-girls-in-ict","status":"publish","type":"post","link":"https:\/\/tinextadefence.it\/en\/earth-day-and-international-day-of-girls-in-ict\/","title":{"rendered":"Earth Day and International Day of Girls in ICT"},"content":{"rendered":"<p>22 April is special because, on a single day, two important anniversaries are celebrated: <strong>Earth Day<\/strong> and <strong>the Day of Girls Involved in ICT<\/strong>.<\/p>\n\n\n\n<p>Awareness and attention to environmental sustainability is increasing, but the path to full sustainability is still a long one, and this day has the power to remind us how much this must be considered a common priority.<\/p>\n\n\n\n<p>As well as the full integration of women in all work sectors and the reduction of all forms of social inequality, represented today by the anniversary celebrating women in ICT.<\/p>\n\n\n\n<p>These anniversaries may seem far apart, but they are united by objectives of common benefit, the same ones that we, as Defence Tech, have decided to pursue.<\/p>\n\n\n\n<p>As <strong>Benefit Corporation<\/strong>, in fact, <strong>Defence Tech espouses the ESG objectives of Protecting the Planet, Reducing the Digital Divide and Valuing People and fully realising gender equality, with the proud aim of creating shared value also on components of social progress and respect for the environment.<\/strong><\/p>","protected":false},"excerpt":{"rendered":"<p>The 22nd of April is special because, in a single day, two important occasions are celebrated: Earth Day and Girls in ICT Day. Awareness and attention towards environmental sustainability are increasing, but the path towards full sustainability is still long, and this day has the power to [...]<\/p>","protected":false},"author":2,"featured_media":26257,"comment_status":"closed","ping_status":"closed","sticky":false,"template":"","format":"standard","meta":{"_acf_changed":false,"footnotes":""},"categories":[99,6],"tags":[110],"class_list":["post-18040","post","type-post","status-publish","format-standard","has-post-thumbnail","hentry","category-tinextadefencenews","category-news","tag-articoli"],"acf":[],"yoast_head":"<!-- This site is optimized with the Yoast SEO plugin v25.8 - https:\/\/yoast.com\/wordpress\/plugins\/seo\/ -->\n<title>Giornata della Terra e Giornata internazionale delle ragazze nelle ICT - Tinexta Defence<\/title>\n<meta name=\"robots\" content=\"index, follow, max-snippet:-1, max-image-preview:large, max-video-preview:-1\" \/>\n<link rel=\"canonical\" href=\"https:\/\/tinextadefence.it\/en\/earth-day-and-international-day-of-girls-in-ict\/\" \/>\n<meta property=\"og:locale\" content=\"en_GB\" \/>\n<meta property=\"og:type\" content=\"article\" \/>\n<meta property=\"og:title\" content=\"Giornata della Terra e Giornata internazionale delle ragazze nelle ICT - Tinexta Defence\" \/>\n<meta property=\"og:description\" content=\"Il 22 aprile \u00e8 speciale perch\u00e9, in un solo giorno, si celebrano due ricorrenze importanti: la Giornata della Terra e la Giornata delle ragazze coinvolte nelle ICT. La consapevolezza e l&#8217;attenzione nei confronti della sostenibilit\u00e0 ambientale stanno aumentando, ma il percorso verso una piena sostenibilit\u00e0 \u00e8 ancora lungo, e questa giornata ha il potere di [&hellip;]\" \/>\n<meta property=\"og:url\" content=\"https:\/\/tinextadefence.it\/en\/earth-day-and-international-day-of-girls-in-ict\/\" \/>\n<meta property=\"og:site_name\" content=\"Tinexta Defence\" \/>\n<meta property=\"article:published_time\" content=\"2023-04-22T09:00:00+00:00\" \/>\n<meta property=\"article:modified_time\" content=\"2025-03-27T12:19:51+00:00\" \/>\n<meta property=\"og:image\" content=\"https:\/\/tinextadefence.it\/wp-content\/uploads\/2025\/03\/Tinexta_Defence_evidenza_articolo.jpg\" \/>\n\t<meta property=\"og:image:width\" content=\"1200\" \/>\n\t<meta property=\"og:image:height\" content=\"640\" \/>\n\t<meta property=\"og:image:type\" content=\"image\/jpeg\" \/>\n<meta name=\"author\" content=\"Simone Sorte\" \/>\n<meta name=\"twitter:card\" content=\"summary_large_image\" \/>\n<meta name=\"twitter:label1\" content=\"Written by\" \/>\n\t<meta name=\"twitter:data1\" content=\"Simone Sorte\" \/>\n\t<meta name=\"twitter:label2\" content=\"Estimated reading time\" \/>\n\t<meta name=\"twitter:data2\" content=\"1 minute\" \/>\n<script type=\"application\/ld+json\" class=\"yoast-schema-graph\">{\"@context\":\"https:\/\/schema.org\",\"@graph\":[{\"@type\":\"Article\",\"@id\":\"https:\/\/tinextadefence.it\/giornata-della-terra-e-giornata-internazionale-delle-ragazze-nelle-ict\/#article\",\"isPartOf\":{\"@id\":\"https:\/\/tinextadefence.it\/giornata-della-terra-e-giornata-internazionale-delle-ragazze-nelle-ict\/\"},\"author\":{\"name\":\"Simone Sorte\",\"@id\":\"https:\/\/tinextadefence.it\/#\/schema\/person\/1f5092d13bbba815b7d8508dc4a0a941\"},\"headline\":\"Giornata della Terra e Giornata internazionale delle ragazze nelle ICT\",\"datePublished\":\"2023-04-22T09:00:00+00:00\",\"dateModified\":\"2025-03-27T12:19:51+00:00\",\"mainEntityOfPage\":{\"@id\":\"https:\/\/tinextadefence.it\/giornata-della-terra-e-giornata-internazionale-delle-ragazze-nelle-ict\/\"},\"wordCount\":179,\"publisher\":{\"@id\":\"https:\/\/tinextadefence.it\/#organization\"},\"image\":{\"@id\":\"https:\/\/tinextadefence.it\/giornata-della-terra-e-giornata-internazionale-delle-ragazze-nelle-ict\/#primaryimage\"},\"thumbnailUrl\":\"https:\/\/tinextadefence.it\/wp-content\/uploads\/2025\/03\/Tinexta_Defence_evidenza_articolo.jpg\",\"keywords\":[\"Articoli\"],\"articleSection\":[\"#TDefenceNews\",\"News\"],\"inLanguage\":\"en-GB\"},{\"@type\":\"WebPage\",\"@id\":\"https:\/\/tinextadefence.it\/giornata-della-terra-e-giornata-internazionale-delle-ragazze-nelle-ict\/\",\"url\":\"https:\/\/tinextadefence.it\/giornata-della-terra-e-giornata-internazionale-delle-ragazze-nelle-ict\/\",\"name\":\"Giornata della Terra e Giornata internazionale delle ragazze nelle ICT - Tinexta Defence\",\"isPartOf\":{\"@id\":\"https:\/\/tinextadefence.it\/#website\"},\"primaryImageOfPage\":{\"@id\":\"https:\/\/tinextadefence.it\/giornata-della-terra-e-giornata-internazionale-delle-ragazze-nelle-ict\/#primaryimage\"},\"image\":{\"@id\":\"https:\/\/tinextadefence.it\/giornata-della-terra-e-giornata-internazionale-delle-ragazze-nelle-ict\/#primaryimage\"},\"thumbnailUrl\":\"https:\/\/tinextadefence.it\/wp-content\/uploads\/2025\/03\/Tinexta_Defence_evidenza_articolo.jpg\",\"datePublished\":\"2023-04-22T09:00:00+00:00\",\"dateModified\":\"2025-03-27T12:19:51+00:00\",\"breadcrumb\":{\"@id\":\"https:\/\/tinextadefence.it\/giornata-della-terra-e-giornata-internazionale-delle-ragazze-nelle-ict\/#breadcrumb\"},\"inLanguage\":\"en-GB\",\"potentialAction\":[{\"@type\":\"ReadAction\",\"target\":[\"https:\/\/tinextadefence.it\/giornata-della-terra-e-giornata-internazionale-delle-ragazze-nelle-ict\/\"]}]},{\"@type\":\"ImageObject\",\"inLanguage\":\"en-GB\",\"@id\":\"https:\/\/tinextadefence.it\/giornata-della-terra-e-giornata-internazionale-delle-ragazze-nelle-ict\/#primaryimage\",\"url\":\"https:\/\/tinextadefence.it\/wp-content\/uploads\/2025\/03\/Tinexta_Defence_evidenza_articolo.jpg\",\"contentUrl\":\"https:\/\/tinextadefence.it\/wp-content\/uploads\/2025\/03\/Tinexta_Defence_evidenza_articolo.jpg\",\"width\":1200,\"height\":640,\"caption\":\"Immagine in evidenza astratta per gli articoli di Tinexta Defence\"},{\"@type\":\"BreadcrumbList\",\"@id\":\"https:\/\/tinextadefence.it\/giornata-della-terra-e-giornata-internazionale-delle-ragazze-nelle-ict\/#breadcrumb\",\"itemListElement\":[{\"@type\":\"ListItem\",\"position\":1,\"name\":\"Home\",\"item\":\"https:\/\/tinextadefence.it\/\"},{\"@type\":\"ListItem\",\"position\":2,\"name\":\"Giornata della Terra e Giornata internazionale delle ragazze nelle ICT\"}]},{\"@type\":\"WebSite\",\"@id\":\"https:\/\/tinextadefence.it\/#website\",\"url\":\"https:\/\/tinextadefence.it\/\",\"name\":\"Tinexta Defence\",\"description\":\"think next, protect now\",\"publisher\":{\"@id\":\"https:\/\/tinextadefence.it\/#organization\"},\"potentialAction\":[{\"@type\":\"SearchAction\",\"target\":{\"@type\":\"EntryPoint\",\"urlTemplate\":\"https:\/\/tinextadefence.it\/?s={search_term_string}\"},\"query-input\":{\"@type\":\"PropertyValueSpecification\",\"valueRequired\":true,\"valueName\":\"search_term_string\"}}],\"inLanguage\":\"en-GB\"},{\"@type\":\"Organization\",\"@id\":\"https:\/\/tinextadefence.it\/#organization\",\"name\":\"Tinexta Defence\",\"url\":\"https:\/\/tinextadefence.it\/\",\"logo\":{\"@type\":\"ImageObject\",\"inLanguage\":\"en-GB\",\"@id\":\"https:\/\/tinextadefence.it\/#\/schema\/logo\/image\/\",\"url\":\"https:\/\/tinextadefence.it\/wp-content\/uploads\/2025\/03\/Tinexta_Defence_marchio.png\",\"contentUrl\":\"https:\/\/tinextadefence.it\/wp-content\/uploads\/2025\/03\/Tinexta_Defence_marchio.png\",\"width\":2000,\"height\":990,\"caption\":\"Tinexta Defence\"},\"image\":{\"@id\":\"https:\/\/tinextadefence.it\/#\/schema\/logo\/image\/\"}},{\"@type\":\"Person\",\"@id\":\"https:\/\/tinextadefence.it\/#\/schema\/person\/1f5092d13bbba815b7d8508dc4a0a941\",\"name\":\"Simone Sorte\",\"image\":{\"@type\":\"ImageObject\",\"inLanguage\":\"en-GB\",\"@id\":\"https:\/\/tinextadefence.it\/#\/schema\/person\/image\/\",\"url\":\"https:\/\/secure.gravatar.com\/avatar\/32dedea25589c73ac8f3d6a24a91a3de89a9dbecfeb8badd55816a91df1c8a31?s=96&d=mm&r=g\",\"contentUrl\":\"https:\/\/secure.gravatar.com\/avatar\/32dedea25589c73ac8f3d6a24a91a3de89a9dbecfeb8badd55816a91df1c8a31?s=96&d=mm&r=g\",\"caption\":\"Simone Sorte\"}}]}<\/script>\n<!-- \/ Yoast SEO plugin. -->","yoast_head_json":{"title":"Earth Day and International Day of Girls in ICT - Tinexta Defence","robots":{"index":"index","follow":"follow","max-snippet":"max-snippet:-1","max-image-preview":"max-image-preview:large","max-video-preview":"max-video-preview:-1"},"canonical":"https:\/\/tinextadefence.it\/en\/earth-day-and-international-day-of-girls-in-ict\/","og_locale":"en_GB","og_type":"article","og_title":"Giornata della Terra e Giornata internazionale delle ragazze nelle ICT - Tinexta Defence","og_description":"Il 22 aprile \u00e8 speciale perch\u00e9, in un solo giorno, si celebrano due ricorrenze importanti: la Giornata della Terra e la Giornata delle ragazze coinvolte nelle ICT. La consapevolezza e l&#8217;attenzione nei confronti della sostenibilit\u00e0 ambientale stanno aumentando, ma il percorso verso una piena sostenibilit\u00e0 \u00e8 ancora lungo, e questa giornata ha il potere di [&hellip;]","og_url":"https:\/\/tinextadefence.it\/en\/earth-day-and-international-day-of-girls-in-ict\/","og_site_name":"Tinexta Defence","article_published_time":"2023-04-22T09:00:00+00:00","article_modified_time":"2025-03-27T12:19:51+00:00","og_image":[{"width":1200,"height":640,"url":"https:\/\/tinextadefence.it\/wp-content\/uploads\/2025\/03\/Tinexta_Defence_evidenza_articolo.jpg","type":"image\/jpeg"}],"author":"Simone Sorte","twitter_card":"summary_large_image","twitter_misc":{"Written by":"Simone Sorte","Estimated reading time":"1 minute"},"schema":{"@context":"https:\/\/schema.org","@graph":[{"@type":"Article","@id":"https:\/\/tinextadefence.it\/giornata-della-terra-e-giornata-internazionale-delle-ragazze-nelle-ict\/#article","isPartOf":{"@id":"https:\/\/tinextadefence.it\/giornata-della-terra-e-giornata-internazionale-delle-ragazze-nelle-ict\/"},"author":{"name":"Simone Sorte","@id":"https:\/\/tinextadefence.it\/#\/schema\/person\/1f5092d13bbba815b7d8508dc4a0a941"},"headline":"Giornata della Terra e Giornata internazionale delle ragazze nelle ICT","datePublished":"2023-04-22T09:00:00+00:00","dateModified":"2025-03-27T12:19:51+00:00","mainEntityOfPage":{"@id":"https:\/\/tinextadefence.it\/giornata-della-terra-e-giornata-internazionale-delle-ragazze-nelle-ict\/"},"wordCount":179,"publisher":{"@id":"https:\/\/tinextadefence.it\/#organization"},"image":{"@id":"https:\/\/tinextadefence.it\/giornata-della-terra-e-giornata-internazionale-delle-ragazze-nelle-ict\/#primaryimage"},"thumbnailUrl":"https:\/\/tinextadefence.it\/wp-content\/uploads\/2025\/03\/Tinexta_Defence_evidenza_articolo.jpg","keywords":["Articoli"],"articleSection":["#TDefenceNews","News"],"inLanguage":"en-GB"},{"@type":"WebPage","@id":"https:\/\/tinextadefence.it\/giornata-della-terra-e-giornata-internazionale-delle-ragazze-nelle-ict\/","url":"https:\/\/tinextadefence.it\/giornata-della-terra-e-giornata-internazionale-delle-ragazze-nelle-ict\/","name":"Earth Day and International Day of Girls in ICT - Tinexta Defence","isPartOf":{"@id":"https:\/\/tinextadefence.it\/#website"},"primaryImageOfPage":{"@id":"https:\/\/tinextadefence.it\/giornata-della-terra-e-giornata-internazionale-delle-ragazze-nelle-ict\/#primaryimage"},"image":{"@id":"https:\/\/tinextadefence.it\/giornata-della-terra-e-giornata-internazionale-delle-ragazze-nelle-ict\/#primaryimage"},"thumbnailUrl":"https:\/\/tinextadefence.it\/wp-content\/uploads\/2025\/03\/Tinexta_Defence_evidenza_articolo.jpg","datePublished":"2023-04-22T09:00:00+00:00","dateModified":"2025-03-27T12:19:51+00:00","breadcrumb":{"@id":"https:\/\/tinextadefence.it\/giornata-della-terra-e-giornata-internazionale-delle-ragazze-nelle-ict\/#breadcrumb"},"inLanguage":"en-GB","potentialAction":[{"@type":"ReadAction","target":["https:\/\/tinextadefence.it\/giornata-della-terra-e-giornata-internazionale-delle-ragazze-nelle-ict\/"]}]},{"@type":"ImageObject","inLanguage":"en-GB","@id":"https:\/\/tinextadefence.it\/giornata-della-terra-e-giornata-internazionale-delle-ragazze-nelle-ict\/#primaryimage","url":"https:\/\/tinextadefence.it\/wp-content\/uploads\/2025\/03\/Tinexta_Defence_evidenza_articolo.jpg","contentUrl":"https:\/\/tinextadefence.it\/wp-content\/uploads\/2025\/03\/Tinexta_Defence_evidenza_articolo.jpg","width":1200,"height":640,"caption":"Immagine in evidenza astratta per gli articoli di Tinexta Defence"},{"@type":"BreadcrumbList","@id":"https:\/\/tinextadefence.it\/giornata-della-terra-e-giornata-internazionale-delle-ragazze-nelle-ict\/#breadcrumb","itemListElement":[{"@type":"ListItem","position":1,"name":"Home","item":"https:\/\/tinextadefence.it\/"},{"@type":"ListItem","position":2,"name":"Giornata della Terra e Giornata internazionale delle ragazze nelle ICT"}]},{"@type":"WebSite","@id":"https:\/\/tinextadefence.it\/#website","url":"https:\/\/tinextadefence.it\/","name":"Tinexta Defence","description":"think next, protect now","publisher":{"@id":"https:\/\/tinextadefence.it\/#organization"},"potentialAction":[{"@type":"SearchAction","target":{"@type":"EntryPoint","urlTemplate":"https:\/\/tinextadefence.it\/?s={search_term_string}"},"query-input":{"@type":"PropertyValueSpecification","valueRequired":true,"valueName":"search_term_string"}}],"inLanguage":"en-GB"},{"@type":"Organization","@id":"https:\/\/tinextadefence.it\/#organization","name":"Tinexta Defence","url":"https:\/\/tinextadefence.it\/","logo":{"@type":"ImageObject","inLanguage":"en-GB","@id":"https:\/\/tinextadefence.it\/#\/schema\/logo\/image\/","url":"https:\/\/tinextadefence.it\/wp-content\/uploads\/2025\/03\/Tinexta_Defence_marchio.png","contentUrl":"https:\/\/tinextadefence.it\/wp-content\/uploads\/2025\/03\/Tinexta_Defence_marchio.png","width":2000,"height":990,"caption":"Tinexta Defence"},"image":{"@id":"https:\/\/tinextadefence.it\/#\/schema\/logo\/image\/"}},{"@type":"Person","@id":"https:\/\/tinextadefence.it\/#\/schema\/person\/1f5092d13bbba815b7d8508dc4a0a941","name":"Simone Sorte","image":{"@type":"ImageObject","inLanguage":"en-GB","@id":"https:\/\/tinextadefence.it\/#\/schema\/person\/image\/","url":"https:\/\/secure.gravatar.com\/avatar\/32dedea25589c73ac8f3d6a24a91a3de89a9dbecfeb8badd55816a91df1c8a31?s=96&d=mm&r=g","contentUrl":"https:\/\/secure.gravatar.com\/avatar\/32dedea25589c73ac8f3d6a24a91a3de89a9dbecfeb8badd55816a91df1c8a31?s=96&d=mm&r=g","caption":"Simone Sorte"}}]}},"_links":{"self":[{"href":"https:\/\/tinextadefence.it\/en\/wp-json\/wp\/v2\/posts\/18040","targetHints":{"allow":["GET"]}}],"collection":[{"href":"https:\/\/tinextadefence.it\/en\/wp-json\/wp\/v2\/posts"}],"about":[{"href":"https:\/\/tinextadefence.it\/en\/wp-json\/wp\/v2\/types\/post"}],"author":[{"embeddable":true,"href":"https:\/\/tinextadefence.it\/en\/wp-json\/wp\/v2\/users\/2"}],"replies":[{"embeddable":true,"href":"https:\/\/tinextadefence.it\/en\/wp-json\/wp\/v2\/comments?post=18040"}],"version-history":[{"count":0,"href":"https:\/\/tinextadefence.it\/en\/wp-json\/wp\/v2\/posts\/18040\/revisions"}],"wp:featuredmedia":[{"embeddable":true,"href":"https:\/\/tinextadefence.it\/en\/wp-json\/wp\/v2\/media\/26257"}],"wp:attachment":[{"href":"https:\/\/tinextadefence.it\/en\/wp-json\/wp\/v2\/media?parent=18040"}],"wp:term":[{"taxonomy":"category","embeddable":true,"href":"https:\/\/tinextadefence.it\/en\/wp-json\/wp\/v2\/categories?post=18040"},{"taxonomy":"post_tag","embeddable":true,"href":"https:\/\/tinextadefence.it\/en\/wp-json\/wp\/v2\/tags?post=18040"}],"curies":[{"name":"wp","href":"https:\/\/api.w.org\/{rel}","templated":true}]}}