{"id":19473,"date":"2023-05-17T09:57:34","date_gmt":"2023-05-17T07:57:34","guid":{"rendered":"https:\/\/www.defencetech.it\/?p=19473"},"modified":"2025-03-27T13:19:40","modified_gmt":"2025-03-27T12:19:40","slug":"world-telecommunications-and-information-society-day","status":"publish","type":"post","link":"https:\/\/tinextadefence.it\/en\/world-telecommunications-and-information-society-day\/","title":{"rendered":"World Telecommunications and Information Society Day\u00a0"},"content":{"rendered":"<p>On 17 May we celebrate the <strong>World Telecommunications and Information Society Day<\/strong>.&nbsp;<\/p>\n\n\n\n<p>A useful moment to help raise awareness of the possibilities that the use of technology can offer societies and economies, to break down the digital divide by decisively enhancing accessibility and inclusiveness.\u00a0<\/p>","protected":false},"excerpt":{"rendered":"<p>Il 17 maggio si celebra la Giornata mondiale delle telecomunicazioni e della societ\u00e0 dell\u2019Informazione.&nbsp; Un momento utile per contribuire a sensibilizzare l\u2019opinione pubblica sulle possibilit\u00e0 che l&#8217;uso della tecnologia pu\u00f2 offrire alle societ\u00e0 e alle economie, per abbattere il\u00a0divario digitale potenziando, in maniera decisa, l\u2019accessibilit\u00e0 e l\u2019inclusivit\u00e0.\u00a0<\/p>","protected":false},"author":2,"featured_media":26257,"comment_status":"closed","ping_status":"closed","sticky":false,"template":"","format":"standard","meta":{"_acf_changed":false,"footnotes":""},"categories":[99,6],"tags":[110],"class_list":["post-19473","post","type-post","status-publish","format-standard","has-post-thumbnail","hentry","category-tinextadefencenews","category-news","tag-articoli"],"acf":[],"yoast_head":"<!-- This site is optimized with the Yoast SEO plugin v25.8 - https:\/\/yoast.com\/wordpress\/plugins\/seo\/ -->\n<title>Giornata mondiale delle telecomunicazioni e della Societ\u00e0 dell\u2019Informazione\u00a0 - Tinexta Defence<\/title>\n<meta name=\"robots\" content=\"index, follow, max-snippet:-1, max-image-preview:large, max-video-preview:-1\" \/>\n<link rel=\"canonical\" href=\"https:\/\/tinextadefence.it\/en\/world-telecommunications-and-information-society-day\/\" \/>\n<meta property=\"og:locale\" content=\"en_GB\" \/>\n<meta property=\"og:type\" content=\"article\" \/>\n<meta property=\"og:title\" content=\"Giornata mondiale delle telecomunicazioni e della Societ\u00e0 dell\u2019Informazione\u00a0 - Tinexta Defence\" \/>\n<meta property=\"og:description\" content=\"Il 17 maggio si celebra la Giornata mondiale delle telecomunicazioni e della societ\u00e0 dell\u2019Informazione.&nbsp; Un momento utile per contribuire a sensibilizzare l\u2019opinione pubblica sulle possibilit\u00e0 che l&#8217;uso della tecnologia pu\u00f2 offrire alle societ\u00e0 e alle economie, per abbattere il\u00a0divario digitale potenziando, in maniera decisa, l\u2019accessibilit\u00e0 e l\u2019inclusivit\u00e0.\u00a0\" \/>\n<meta property=\"og:url\" content=\"https:\/\/tinextadefence.it\/en\/world-telecommunications-and-information-society-day\/\" \/>\n<meta property=\"og:site_name\" content=\"Tinexta Defence\" \/>\n<meta property=\"article:published_time\" content=\"2023-05-17T07:57:34+00:00\" \/>\n<meta property=\"article:modified_time\" content=\"2025-03-27T12:19:40+00:00\" \/>\n<meta property=\"og:image\" content=\"https:\/\/tinextadefence.it\/wp-content\/uploads\/2025\/03\/Tinexta_Defence_evidenza_articolo.jpg\" \/>\n\t<meta property=\"og:image:width\" content=\"1200\" \/>\n\t<meta property=\"og:image:height\" content=\"640\" \/>\n\t<meta property=\"og:image:type\" content=\"image\/jpeg\" \/>\n<meta name=\"author\" content=\"Simone Sorte\" \/>\n<meta name=\"twitter:card\" content=\"summary_large_image\" \/>\n<meta name=\"twitter:label1\" content=\"Written by\" \/>\n\t<meta name=\"twitter:data1\" content=\"Simone Sorte\" \/>\n<script type=\"application\/ld+json\" class=\"yoast-schema-graph\">{\"@context\":\"https:\/\/schema.org\",\"@graph\":[{\"@type\":\"Article\",\"@id\":\"https:\/\/tinextadefence.it\/giornata-mondiale-delle-telecomunicazioni-e-della-societa-dellinformazione\/#article\",\"isPartOf\":{\"@id\":\"https:\/\/tinextadefence.it\/giornata-mondiale-delle-telecomunicazioni-e-della-societa-dellinformazione\/\"},\"author\":{\"name\":\"Simone Sorte\",\"@id\":\"https:\/\/tinextadefence.it\/#\/schema\/person\/1f5092d13bbba815b7d8508dc4a0a941\"},\"headline\":\"Giornata mondiale delle telecomunicazioni e della Societ\u00e0 dell\u2019Informazione\u00a0\",\"datePublished\":\"2023-05-17T07:57:34+00:00\",\"dateModified\":\"2025-03-27T12:19:40+00:00\",\"mainEntityOfPage\":{\"@id\":\"https:\/\/tinextadefence.it\/giornata-mondiale-delle-telecomunicazioni-e-della-societa-dellinformazione\/\"},\"wordCount\":62,\"publisher\":{\"@id\":\"https:\/\/tinextadefence.it\/#organization\"},\"image\":{\"@id\":\"https:\/\/tinextadefence.it\/giornata-mondiale-delle-telecomunicazioni-e-della-societa-dellinformazione\/#primaryimage\"},\"thumbnailUrl\":\"https:\/\/tinextadefence.it\/wp-content\/uploads\/2025\/03\/Tinexta_Defence_evidenza_articolo.jpg\",\"keywords\":[\"Articoli\"],\"articleSection\":[\"#TDefenceNews\",\"News\"],\"inLanguage\":\"en-GB\"},{\"@type\":\"WebPage\",\"@id\":\"https:\/\/tinextadefence.it\/giornata-mondiale-delle-telecomunicazioni-e-della-societa-dellinformazione\/\",\"url\":\"https:\/\/tinextadefence.it\/giornata-mondiale-delle-telecomunicazioni-e-della-societa-dellinformazione\/\",\"name\":\"Giornata mondiale delle telecomunicazioni e della Societ\u00e0 dell\u2019Informazione\u00a0 - Tinexta Defence\",\"isPartOf\":{\"@id\":\"https:\/\/tinextadefence.it\/#website\"},\"primaryImageOfPage\":{\"@id\":\"https:\/\/tinextadefence.it\/giornata-mondiale-delle-telecomunicazioni-e-della-societa-dellinformazione\/#primaryimage\"},\"image\":{\"@id\":\"https:\/\/tinextadefence.it\/giornata-mondiale-delle-telecomunicazioni-e-della-societa-dellinformazione\/#primaryimage\"},\"thumbnailUrl\":\"https:\/\/tinextadefence.it\/wp-content\/uploads\/2025\/03\/Tinexta_Defence_evidenza_articolo.jpg\",\"datePublished\":\"2023-05-17T07:57:34+00:00\",\"dateModified\":\"2025-03-27T12:19:40+00:00\",\"breadcrumb\":{\"@id\":\"https:\/\/tinextadefence.it\/giornata-mondiale-delle-telecomunicazioni-e-della-societa-dellinformazione\/#breadcrumb\"},\"inLanguage\":\"en-GB\",\"potentialAction\":[{\"@type\":\"ReadAction\",\"target\":[\"https:\/\/tinextadefence.it\/giornata-mondiale-delle-telecomunicazioni-e-della-societa-dellinformazione\/\"]}]},{\"@type\":\"ImageObject\",\"inLanguage\":\"en-GB\",\"@id\":\"https:\/\/tinextadefence.it\/giornata-mondiale-delle-telecomunicazioni-e-della-societa-dellinformazione\/#primaryimage\",\"url\":\"https:\/\/tinextadefence.it\/wp-content\/uploads\/2025\/03\/Tinexta_Defence_evidenza_articolo.jpg\",\"contentUrl\":\"https:\/\/tinextadefence.it\/wp-content\/uploads\/2025\/03\/Tinexta_Defence_evidenza_articolo.jpg\",\"width\":1200,\"height\":640,\"caption\":\"Immagine in evidenza astratta per gli articoli di Tinexta Defence\"},{\"@type\":\"BreadcrumbList\",\"@id\":\"https:\/\/tinextadefence.it\/giornata-mondiale-delle-telecomunicazioni-e-della-societa-dellinformazione\/#breadcrumb\",\"itemListElement\":[{\"@type\":\"ListItem\",\"position\":1,\"name\":\"Home\",\"item\":\"https:\/\/tinextadefence.it\/\"},{\"@type\":\"ListItem\",\"position\":2,\"name\":\"Giornata mondiale delle telecomunicazioni e della Societ\u00e0 dell\u2019Informazione\u00a0\"}]},{\"@type\":\"WebSite\",\"@id\":\"https:\/\/tinextadefence.it\/#website\",\"url\":\"https:\/\/tinextadefence.it\/\",\"name\":\"Tinexta Defence\",\"description\":\"think next, protect now\",\"publisher\":{\"@id\":\"https:\/\/tinextadefence.it\/#organization\"},\"potentialAction\":[{\"@type\":\"SearchAction\",\"target\":{\"@type\":\"EntryPoint\",\"urlTemplate\":\"https:\/\/tinextadefence.it\/?s={search_term_string}\"},\"query-input\":{\"@type\":\"PropertyValueSpecification\",\"valueRequired\":true,\"valueName\":\"search_term_string\"}}],\"inLanguage\":\"en-GB\"},{\"@type\":\"Organization\",\"@id\":\"https:\/\/tinextadefence.it\/#organization\",\"name\":\"Tinexta Defence\",\"url\":\"https:\/\/tinextadefence.it\/\",\"logo\":{\"@type\":\"ImageObject\",\"inLanguage\":\"en-GB\",\"@id\":\"https:\/\/tinextadefence.it\/#\/schema\/logo\/image\/\",\"url\":\"https:\/\/tinextadefence.it\/wp-content\/uploads\/2025\/03\/Tinexta_Defence_marchio.png\",\"contentUrl\":\"https:\/\/tinextadefence.it\/wp-content\/uploads\/2025\/03\/Tinexta_Defence_marchio.png\",\"width\":2000,\"height\":990,\"caption\":\"Tinexta Defence\"},\"image\":{\"@id\":\"https:\/\/tinextadefence.it\/#\/schema\/logo\/image\/\"}},{\"@type\":\"Person\",\"@id\":\"https:\/\/tinextadefence.it\/#\/schema\/person\/1f5092d13bbba815b7d8508dc4a0a941\",\"name\":\"Simone Sorte\",\"image\":{\"@type\":\"ImageObject\",\"inLanguage\":\"en-GB\",\"@id\":\"https:\/\/tinextadefence.it\/#\/schema\/person\/image\/\",\"url\":\"https:\/\/secure.gravatar.com\/avatar\/32dedea25589c73ac8f3d6a24a91a3de89a9dbecfeb8badd55816a91df1c8a31?s=96&d=mm&r=g\",\"contentUrl\":\"https:\/\/secure.gravatar.com\/avatar\/32dedea25589c73ac8f3d6a24a91a3de89a9dbecfeb8badd55816a91df1c8a31?s=96&d=mm&r=g\",\"caption\":\"Simone Sorte\"}}]}<\/script>\n<!-- \/ Yoast SEO plugin. -->","yoast_head_json":{"title":"World Telecommunications and Information Society Day - Tinexta Defence","robots":{"index":"index","follow":"follow","max-snippet":"max-snippet:-1","max-image-preview":"max-image-preview:large","max-video-preview":"max-video-preview:-1"},"canonical":"https:\/\/tinextadefence.it\/en\/world-telecommunications-and-information-society-day\/","og_locale":"en_GB","og_type":"article","og_title":"Giornata mondiale delle telecomunicazioni e della Societ\u00e0 dell\u2019Informazione\u00a0 - Tinexta Defence","og_description":"Il 17 maggio si celebra la Giornata mondiale delle telecomunicazioni e della societ\u00e0 dell\u2019Informazione.&nbsp; Un momento utile per contribuire a sensibilizzare l\u2019opinione pubblica sulle possibilit\u00e0 che l&#8217;uso della tecnologia pu\u00f2 offrire alle societ\u00e0 e alle economie, per abbattere il\u00a0divario digitale potenziando, in maniera decisa, l\u2019accessibilit\u00e0 e l\u2019inclusivit\u00e0.\u00a0","og_url":"https:\/\/tinextadefence.it\/en\/world-telecommunications-and-information-society-day\/","og_site_name":"Tinexta Defence","article_published_time":"2023-05-17T07:57:34+00:00","article_modified_time":"2025-03-27T12:19:40+00:00","og_image":[{"width":1200,"height":640,"url":"https:\/\/tinextadefence.it\/wp-content\/uploads\/2025\/03\/Tinexta_Defence_evidenza_articolo.jpg","type":"image\/jpeg"}],"author":"Simone Sorte","twitter_card":"summary_large_image","twitter_misc":{"Written by":"Simone Sorte"},"schema":{"@context":"https:\/\/schema.org","@graph":[{"@type":"Article","@id":"https:\/\/tinextadefence.it\/giornata-mondiale-delle-telecomunicazioni-e-della-societa-dellinformazione\/#article","isPartOf":{"@id":"https:\/\/tinextadefence.it\/giornata-mondiale-delle-telecomunicazioni-e-della-societa-dellinformazione\/"},"author":{"name":"Simone Sorte","@id":"https:\/\/tinextadefence.it\/#\/schema\/person\/1f5092d13bbba815b7d8508dc4a0a941"},"headline":"Giornata mondiale delle telecomunicazioni e della Societ\u00e0 dell\u2019Informazione\u00a0","datePublished":"2023-05-17T07:57:34+00:00","dateModified":"2025-03-27T12:19:40+00:00","mainEntityOfPage":{"@id":"https:\/\/tinextadefence.it\/giornata-mondiale-delle-telecomunicazioni-e-della-societa-dellinformazione\/"},"wordCount":62,"publisher":{"@id":"https:\/\/tinextadefence.it\/#organization"},"image":{"@id":"https:\/\/tinextadefence.it\/giornata-mondiale-delle-telecomunicazioni-e-della-societa-dellinformazione\/#primaryimage"},"thumbnailUrl":"https:\/\/tinextadefence.it\/wp-content\/uploads\/2025\/03\/Tinexta_Defence_evidenza_articolo.jpg","keywords":["Articoli"],"articleSection":["#TDefenceNews","News"],"inLanguage":"en-GB"},{"@type":"WebPage","@id":"https:\/\/tinextadefence.it\/giornata-mondiale-delle-telecomunicazioni-e-della-societa-dellinformazione\/","url":"https:\/\/tinextadefence.it\/giornata-mondiale-delle-telecomunicazioni-e-della-societa-dellinformazione\/","name":"World Telecommunications and Information Society Day - Tinexta Defence","isPartOf":{"@id":"https:\/\/tinextadefence.it\/#website"},"primaryImageOfPage":{"@id":"https:\/\/tinextadefence.it\/giornata-mondiale-delle-telecomunicazioni-e-della-societa-dellinformazione\/#primaryimage"},"image":{"@id":"https:\/\/tinextadefence.it\/giornata-mondiale-delle-telecomunicazioni-e-della-societa-dellinformazione\/#primaryimage"},"thumbnailUrl":"https:\/\/tinextadefence.it\/wp-content\/uploads\/2025\/03\/Tinexta_Defence_evidenza_articolo.jpg","datePublished":"2023-05-17T07:57:34+00:00","dateModified":"2025-03-27T12:19:40+00:00","breadcrumb":{"@id":"https:\/\/tinextadefence.it\/giornata-mondiale-delle-telecomunicazioni-e-della-societa-dellinformazione\/#breadcrumb"},"inLanguage":"en-GB","potentialAction":[{"@type":"ReadAction","target":["https:\/\/tinextadefence.it\/giornata-mondiale-delle-telecomunicazioni-e-della-societa-dellinformazione\/"]}]},{"@type":"ImageObject","inLanguage":"en-GB","@id":"https:\/\/tinextadefence.it\/giornata-mondiale-delle-telecomunicazioni-e-della-societa-dellinformazione\/#primaryimage","url":"https:\/\/tinextadefence.it\/wp-content\/uploads\/2025\/03\/Tinexta_Defence_evidenza_articolo.jpg","contentUrl":"https:\/\/tinextadefence.it\/wp-content\/uploads\/2025\/03\/Tinexta_Defence_evidenza_articolo.jpg","width":1200,"height":640,"caption":"Immagine in evidenza astratta per gli articoli di Tinexta Defence"},{"@type":"BreadcrumbList","@id":"https:\/\/tinextadefence.it\/giornata-mondiale-delle-telecomunicazioni-e-della-societa-dellinformazione\/#breadcrumb","itemListElement":[{"@type":"ListItem","position":1,"name":"Home","item":"https:\/\/tinextadefence.it\/"},{"@type":"ListItem","position":2,"name":"Giornata mondiale delle telecomunicazioni e della Societ\u00e0 dell\u2019Informazione\u00a0"}]},{"@type":"WebSite","@id":"https:\/\/tinextadefence.it\/#website","url":"https:\/\/tinextadefence.it\/","name":"Tinexta Defence","description":"think next, protect now","publisher":{"@id":"https:\/\/tinextadefence.it\/#organization"},"potentialAction":[{"@type":"SearchAction","target":{"@type":"EntryPoint","urlTemplate":"https:\/\/tinextadefence.it\/?s={search_term_string}"},"query-input":{"@type":"PropertyValueSpecification","valueRequired":true,"valueName":"search_term_string"}}],"inLanguage":"en-GB"},{"@type":"Organization","@id":"https:\/\/tinextadefence.it\/#organization","name":"Tinexta Defence","url":"https:\/\/tinextadefence.it\/","logo":{"@type":"ImageObject","inLanguage":"en-GB","@id":"https:\/\/tinextadefence.it\/#\/schema\/logo\/image\/","url":"https:\/\/tinextadefence.it\/wp-content\/uploads\/2025\/03\/Tinexta_Defence_marchio.png","contentUrl":"https:\/\/tinextadefence.it\/wp-content\/uploads\/2025\/03\/Tinexta_Defence_marchio.png","width":2000,"height":990,"caption":"Tinexta Defence"},"image":{"@id":"https:\/\/tinextadefence.it\/#\/schema\/logo\/image\/"}},{"@type":"Person","@id":"https:\/\/tinextadefence.it\/#\/schema\/person\/1f5092d13bbba815b7d8508dc4a0a941","name":"Simone Sorte","image":{"@type":"ImageObject","inLanguage":"en-GB","@id":"https:\/\/tinextadefence.it\/#\/schema\/person\/image\/","url":"https:\/\/secure.gravatar.com\/avatar\/32dedea25589c73ac8f3d6a24a91a3de89a9dbecfeb8badd55816a91df1c8a31?s=96&d=mm&r=g","contentUrl":"https:\/\/secure.gravatar.com\/avatar\/32dedea25589c73ac8f3d6a24a91a3de89a9dbecfeb8badd55816a91df1c8a31?s=96&d=mm&r=g","caption":"Simone Sorte"}}]}},"_links":{"self":[{"href":"https:\/\/tinextadefence.it\/en\/wp-json\/wp\/v2\/posts\/19473","targetHints":{"allow":["GET"]}}],"collection":[{"href":"https:\/\/tinextadefence.it\/en\/wp-json\/wp\/v2\/posts"}],"about":[{"href":"https:\/\/tinextadefence.it\/en\/wp-json\/wp\/v2\/types\/post"}],"author":[{"embeddable":true,"href":"https:\/\/tinextadefence.it\/en\/wp-json\/wp\/v2\/users\/2"}],"replies":[{"embeddable":true,"href":"https:\/\/tinextadefence.it\/en\/wp-json\/wp\/v2\/comments?post=19473"}],"version-history":[{"count":0,"href":"https:\/\/tinextadefence.it\/en\/wp-json\/wp\/v2\/posts\/19473\/revisions"}],"wp:featuredmedia":[{"embeddable":true,"href":"https:\/\/tinextadefence.it\/en\/wp-json\/wp\/v2\/media\/26257"}],"wp:attachment":[{"href":"https:\/\/tinextadefence.it\/en\/wp-json\/wp\/v2\/media?parent=19473"}],"wp:term":[{"taxonomy":"category","embeddable":true,"href":"https:\/\/tinextadefence.it\/en\/wp-json\/wp\/v2\/categories?post=19473"},{"taxonomy":"post_tag","embeddable":true,"href":"https:\/\/tinextadefence.it\/en\/wp-json\/wp\/v2\/tags?post=19473"}],"curies":[{"name":"wp","href":"https:\/\/api.w.org\/{rel}","templated":true}]}}