{"id":20839,"date":"2023-07-12T11:57:43","date_gmt":"2023-07-12T09:57:43","guid":{"rendered":"https:\/\/www.defencetech.it\/?p=20839"},"modified":"2025-03-27T13:19:20","modified_gmt":"2025-03-27T12:19:20","slug":"stefania-panico-honoured-at-the-cfo-award","status":"publish","type":"post","link":"https:\/\/tinextadefence.it\/en\/stefania-panico-honoured-at-the-cfo-award\/","title":{"rendered":"Stefania Panico honoured at CFO Award"},"content":{"rendered":"<p>With immense pride, we announce that our CFO <strong>Stefania Panico<\/strong> won the <strong>'CFO Award 2023'<\/strong>winning in the category of companies listed on the EGM.&nbsp;<\/p>\n\n\n\n<p>The award, organised by Accuracy and ANDAF in collaboration with Borsa Italiana and ELITE, is reserved for Finance and Administration Directors<strong> who distinguished themselves through quality, intuition, professionalism and team spirit.<\/strong>&nbsp;<\/p>\n\n\n\n<p>Today, Defence Tech's CFO is in Milan to collect his well-deserved award. For more details, here is the <a rel=\"noreferrer noopener\" href=\"https:\/\/www.andaf.it\/premio-cfo-award\/cfo-award\/\" target=\"_blank\"><strong>event website<\/strong><\/a>.&nbsp;<\/p>\n\n\n\n<p>The video of the award ceremony can be viewed below:<\/p>\n\n\n\n<figure class=\"wp-block-video\"><video autoplay controls src=\"https:\/\/digitalflow.it\/wp-content\/uploads\/2023\/07\/VII-edizione-Premio-CFO-AWARD-Milano-11-luglio-2023-1.mp4\"><\/video><\/figure>\n\n\n\n<p><em>Congratulations, Stefania!<\/em>&nbsp;<\/p>","protected":false},"excerpt":{"rendered":"<p>With great pride, we announce that our CFO Stefania Panico has won the \"CFO Award 2023\", winning in the category of companies listed on the EGM.  The award, organised by Accuracy and ANDAF in collaboration with Borsa Italiana and ELITE, is reserved for Finance and Administration Directors who have distinguished themselves for quality, insight, professionalism and [...]<\/p>","protected":false},"author":2,"featured_media":26257,"comment_status":"closed","ping_status":"closed","sticky":false,"template":"","format":"standard","meta":{"_acf_changed":false,"footnotes":""},"categories":[99,6],"tags":[110],"class_list":["post-20839","post","type-post","status-publish","format-standard","has-post-thumbnail","hentry","category-tinextadefencenews","category-news","tag-articoli"],"acf":[],"yoast_head":"<!-- This site is optimized with the Yoast SEO plugin v25.8 - https:\/\/yoast.com\/wordpress\/plugins\/seo\/ -->\n<title>Stefania Panico premiata al &quot;CFO Award&quot; - Tinexta Defence<\/title>\n<meta name=\"robots\" content=\"index, follow, max-snippet:-1, max-image-preview:large, max-video-preview:-1\" \/>\n<link rel=\"canonical\" href=\"https:\/\/tinextadefence.it\/en\/stefania-panico-honoured-at-the-cfo-award\/\" \/>\n<meta property=\"og:locale\" content=\"en_GB\" \/>\n<meta property=\"og:type\" content=\"article\" \/>\n<meta property=\"og:title\" content=\"Stefania Panico premiata al &quot;CFO Award&quot; - Tinexta Defence\" \/>\n<meta property=\"og:description\" content=\"Con immenso orgoglio, annunciamo che il nostro CFO Stefania Panico si \u00e8 aggiudicato il &#8220;CFO Award 2023&#8221;, vincendo nella categoria delle societ\u00e0 quotate sul mercato EGM.&nbsp; Il riconoscimento, organizzato da Accuracy e ANDAF in collaborazione con Borsa Italiana ed ELITE, \u00e8 riservato ai Direttori Finanziari e Amministrativi che si sono distinti per qualit\u00e0, intuizione, professionalit\u00e0 [&hellip;]\" \/>\n<meta property=\"og:url\" content=\"https:\/\/tinextadefence.it\/en\/stefania-panico-honoured-at-the-cfo-award\/\" \/>\n<meta property=\"og:site_name\" content=\"Tinexta Defence\" \/>\n<meta property=\"article:published_time\" content=\"2023-07-12T09:57:43+00:00\" \/>\n<meta property=\"article:modified_time\" content=\"2025-03-27T12:19:20+00:00\" \/>\n<meta property=\"og:image\" content=\"https:\/\/tinextadefence.it\/wp-content\/uploads\/2025\/03\/Tinexta_Defence_evidenza_articolo.jpg\" \/>\n\t<meta property=\"og:image:width\" content=\"1200\" \/>\n\t<meta property=\"og:image:height\" content=\"640\" \/>\n\t<meta property=\"og:image:type\" content=\"image\/jpeg\" \/>\n<meta name=\"author\" content=\"Simone Sorte\" \/>\n<meta name=\"twitter:card\" content=\"summary_large_image\" \/>\n<meta name=\"twitter:label1\" content=\"Written by\" \/>\n\t<meta name=\"twitter:data1\" content=\"Simone Sorte\" \/>\n<script type=\"application\/ld+json\" class=\"yoast-schema-graph\">{\"@context\":\"https:\/\/schema.org\",\"@graph\":[{\"@type\":\"Article\",\"@id\":\"https:\/\/tinextadefence.it\/stefania-panico-premiata-al-cfo-award\/#article\",\"isPartOf\":{\"@id\":\"https:\/\/tinextadefence.it\/stefania-panico-premiata-al-cfo-award\/\"},\"author\":{\"name\":\"Simone Sorte\",\"@id\":\"https:\/\/tinextadefence.it\/#\/schema\/person\/1f5092d13bbba815b7d8508dc4a0a941\"},\"headline\":\"Stefania Panico premiata al &#8220;CFO Award&#8221;\",\"datePublished\":\"2023-07-12T09:57:43+00:00\",\"dateModified\":\"2025-03-27T12:19:20+00:00\",\"mainEntityOfPage\":{\"@id\":\"https:\/\/tinextadefence.it\/stefania-panico-premiata-al-cfo-award\/\"},\"wordCount\":101,\"publisher\":{\"@id\":\"https:\/\/tinextadefence.it\/#organization\"},\"image\":{\"@id\":\"https:\/\/tinextadefence.it\/stefania-panico-premiata-al-cfo-award\/#primaryimage\"},\"thumbnailUrl\":\"https:\/\/tinextadefence.it\/wp-content\/uploads\/2025\/03\/Tinexta_Defence_evidenza_articolo.jpg\",\"keywords\":[\"Articoli\"],\"articleSection\":[\"#TDefenceNews\",\"News\"],\"inLanguage\":\"en-GB\"},{\"@type\":\"WebPage\",\"@id\":\"https:\/\/tinextadefence.it\/stefania-panico-premiata-al-cfo-award\/\",\"url\":\"https:\/\/tinextadefence.it\/stefania-panico-premiata-al-cfo-award\/\",\"name\":\"Stefania Panico premiata al \\\"CFO Award\\\" - Tinexta Defence\",\"isPartOf\":{\"@id\":\"https:\/\/tinextadefence.it\/#website\"},\"primaryImageOfPage\":{\"@id\":\"https:\/\/tinextadefence.it\/stefania-panico-premiata-al-cfo-award\/#primaryimage\"},\"image\":{\"@id\":\"https:\/\/tinextadefence.it\/stefania-panico-premiata-al-cfo-award\/#primaryimage\"},\"thumbnailUrl\":\"https:\/\/tinextadefence.it\/wp-content\/uploads\/2025\/03\/Tinexta_Defence_evidenza_articolo.jpg\",\"datePublished\":\"2023-07-12T09:57:43+00:00\",\"dateModified\":\"2025-03-27T12:19:20+00:00\",\"breadcrumb\":{\"@id\":\"https:\/\/tinextadefence.it\/stefania-panico-premiata-al-cfo-award\/#breadcrumb\"},\"inLanguage\":\"en-GB\",\"potentialAction\":[{\"@type\":\"ReadAction\",\"target\":[\"https:\/\/tinextadefence.it\/stefania-panico-premiata-al-cfo-award\/\"]}]},{\"@type\":\"ImageObject\",\"inLanguage\":\"en-GB\",\"@id\":\"https:\/\/tinextadefence.it\/stefania-panico-premiata-al-cfo-award\/#primaryimage\",\"url\":\"https:\/\/tinextadefence.it\/wp-content\/uploads\/2025\/03\/Tinexta_Defence_evidenza_articolo.jpg\",\"contentUrl\":\"https:\/\/tinextadefence.it\/wp-content\/uploads\/2025\/03\/Tinexta_Defence_evidenza_articolo.jpg\",\"width\":1200,\"height\":640,\"caption\":\"Immagine in evidenza astratta per gli articoli di Tinexta Defence\"},{\"@type\":\"BreadcrumbList\",\"@id\":\"https:\/\/tinextadefence.it\/stefania-panico-premiata-al-cfo-award\/#breadcrumb\",\"itemListElement\":[{\"@type\":\"ListItem\",\"position\":1,\"name\":\"Home\",\"item\":\"https:\/\/tinextadefence.it\/\"},{\"@type\":\"ListItem\",\"position\":2,\"name\":\"Stefania Panico premiata al &#8220;CFO Award&#8221;\"}]},{\"@type\":\"WebSite\",\"@id\":\"https:\/\/tinextadefence.it\/#website\",\"url\":\"https:\/\/tinextadefence.it\/\",\"name\":\"Tinexta Defence\",\"description\":\"think next, protect now\",\"publisher\":{\"@id\":\"https:\/\/tinextadefence.it\/#organization\"},\"potentialAction\":[{\"@type\":\"SearchAction\",\"target\":{\"@type\":\"EntryPoint\",\"urlTemplate\":\"https:\/\/tinextadefence.it\/?s={search_term_string}\"},\"query-input\":{\"@type\":\"PropertyValueSpecification\",\"valueRequired\":true,\"valueName\":\"search_term_string\"}}],\"inLanguage\":\"en-GB\"},{\"@type\":\"Organization\",\"@id\":\"https:\/\/tinextadefence.it\/#organization\",\"name\":\"Tinexta Defence\",\"url\":\"https:\/\/tinextadefence.it\/\",\"logo\":{\"@type\":\"ImageObject\",\"inLanguage\":\"en-GB\",\"@id\":\"https:\/\/tinextadefence.it\/#\/schema\/logo\/image\/\",\"url\":\"https:\/\/tinextadefence.it\/wp-content\/uploads\/2025\/03\/Tinexta_Defence_marchio.png\",\"contentUrl\":\"https:\/\/tinextadefence.it\/wp-content\/uploads\/2025\/03\/Tinexta_Defence_marchio.png\",\"width\":2000,\"height\":990,\"caption\":\"Tinexta Defence\"},\"image\":{\"@id\":\"https:\/\/tinextadefence.it\/#\/schema\/logo\/image\/\"}},{\"@type\":\"Person\",\"@id\":\"https:\/\/tinextadefence.it\/#\/schema\/person\/1f5092d13bbba815b7d8508dc4a0a941\",\"name\":\"Simone Sorte\",\"image\":{\"@type\":\"ImageObject\",\"inLanguage\":\"en-GB\",\"@id\":\"https:\/\/tinextadefence.it\/#\/schema\/person\/image\/\",\"url\":\"https:\/\/secure.gravatar.com\/avatar\/32dedea25589c73ac8f3d6a24a91a3de89a9dbecfeb8badd55816a91df1c8a31?s=96&d=mm&r=g\",\"contentUrl\":\"https:\/\/secure.gravatar.com\/avatar\/32dedea25589c73ac8f3d6a24a91a3de89a9dbecfeb8badd55816a91df1c8a31?s=96&d=mm&r=g\",\"caption\":\"Simone Sorte\"}}]}<\/script>\n<!-- \/ Yoast SEO plugin. -->","yoast_head_json":{"title":"Stefania Panico wins 'CFO Award' - Tinexta Defence","robots":{"index":"index","follow":"follow","max-snippet":"max-snippet:-1","max-image-preview":"max-image-preview:large","max-video-preview":"max-video-preview:-1"},"canonical":"https:\/\/tinextadefence.it\/en\/stefania-panico-honoured-at-the-cfo-award\/","og_locale":"en_GB","og_type":"article","og_title":"Stefania Panico premiata al \"CFO Award\" - Tinexta Defence","og_description":"Con immenso orgoglio, annunciamo che il nostro CFO Stefania Panico si \u00e8 aggiudicato il &#8220;CFO Award 2023&#8221;, vincendo nella categoria delle societ\u00e0 quotate sul mercato EGM.&nbsp; Il riconoscimento, organizzato da Accuracy e ANDAF in collaborazione con Borsa Italiana ed ELITE, \u00e8 riservato ai Direttori Finanziari e Amministrativi che si sono distinti per qualit\u00e0, intuizione, professionalit\u00e0 [&hellip;]","og_url":"https:\/\/tinextadefence.it\/en\/stefania-panico-honoured-at-the-cfo-award\/","og_site_name":"Tinexta Defence","article_published_time":"2023-07-12T09:57:43+00:00","article_modified_time":"2025-03-27T12:19:20+00:00","og_image":[{"width":1200,"height":640,"url":"https:\/\/tinextadefence.it\/wp-content\/uploads\/2025\/03\/Tinexta_Defence_evidenza_articolo.jpg","type":"image\/jpeg"}],"author":"Simone Sorte","twitter_card":"summary_large_image","twitter_misc":{"Written by":"Simone Sorte"},"schema":{"@context":"https:\/\/schema.org","@graph":[{"@type":"Article","@id":"https:\/\/tinextadefence.it\/stefania-panico-premiata-al-cfo-award\/#article","isPartOf":{"@id":"https:\/\/tinextadefence.it\/stefania-panico-premiata-al-cfo-award\/"},"author":{"name":"Simone Sorte","@id":"https:\/\/tinextadefence.it\/#\/schema\/person\/1f5092d13bbba815b7d8508dc4a0a941"},"headline":"Stefania Panico premiata al &#8220;CFO Award&#8221;","datePublished":"2023-07-12T09:57:43+00:00","dateModified":"2025-03-27T12:19:20+00:00","mainEntityOfPage":{"@id":"https:\/\/tinextadefence.it\/stefania-panico-premiata-al-cfo-award\/"},"wordCount":101,"publisher":{"@id":"https:\/\/tinextadefence.it\/#organization"},"image":{"@id":"https:\/\/tinextadefence.it\/stefania-panico-premiata-al-cfo-award\/#primaryimage"},"thumbnailUrl":"https:\/\/tinextadefence.it\/wp-content\/uploads\/2025\/03\/Tinexta_Defence_evidenza_articolo.jpg","keywords":["Articoli"],"articleSection":["#TDefenceNews","News"],"inLanguage":"en-GB"},{"@type":"WebPage","@id":"https:\/\/tinextadefence.it\/stefania-panico-premiata-al-cfo-award\/","url":"https:\/\/tinextadefence.it\/stefania-panico-premiata-al-cfo-award\/","name":"Stefania Panico wins 'CFO Award' - Tinexta Defence","isPartOf":{"@id":"https:\/\/tinextadefence.it\/#website"},"primaryImageOfPage":{"@id":"https:\/\/tinextadefence.it\/stefania-panico-premiata-al-cfo-award\/#primaryimage"},"image":{"@id":"https:\/\/tinextadefence.it\/stefania-panico-premiata-al-cfo-award\/#primaryimage"},"thumbnailUrl":"https:\/\/tinextadefence.it\/wp-content\/uploads\/2025\/03\/Tinexta_Defence_evidenza_articolo.jpg","datePublished":"2023-07-12T09:57:43+00:00","dateModified":"2025-03-27T12:19:20+00:00","breadcrumb":{"@id":"https:\/\/tinextadefence.it\/stefania-panico-premiata-al-cfo-award\/#breadcrumb"},"inLanguage":"en-GB","potentialAction":[{"@type":"ReadAction","target":["https:\/\/tinextadefence.it\/stefania-panico-premiata-al-cfo-award\/"]}]},{"@type":"ImageObject","inLanguage":"en-GB","@id":"https:\/\/tinextadefence.it\/stefania-panico-premiata-al-cfo-award\/#primaryimage","url":"https:\/\/tinextadefence.it\/wp-content\/uploads\/2025\/03\/Tinexta_Defence_evidenza_articolo.jpg","contentUrl":"https:\/\/tinextadefence.it\/wp-content\/uploads\/2025\/03\/Tinexta_Defence_evidenza_articolo.jpg","width":1200,"height":640,"caption":"Immagine in evidenza astratta per gli articoli di Tinexta Defence"},{"@type":"BreadcrumbList","@id":"https:\/\/tinextadefence.it\/stefania-panico-premiata-al-cfo-award\/#breadcrumb","itemListElement":[{"@type":"ListItem","position":1,"name":"Home","item":"https:\/\/tinextadefence.it\/"},{"@type":"ListItem","position":2,"name":"Stefania Panico premiata al &#8220;CFO Award&#8221;"}]},{"@type":"WebSite","@id":"https:\/\/tinextadefence.it\/#website","url":"https:\/\/tinextadefence.it\/","name":"Tinexta Defence","description":"think next, protect now","publisher":{"@id":"https:\/\/tinextadefence.it\/#organization"},"potentialAction":[{"@type":"SearchAction","target":{"@type":"EntryPoint","urlTemplate":"https:\/\/tinextadefence.it\/?s={search_term_string}"},"query-input":{"@type":"PropertyValueSpecification","valueRequired":true,"valueName":"search_term_string"}}],"inLanguage":"en-GB"},{"@type":"Organization","@id":"https:\/\/tinextadefence.it\/#organization","name":"Tinexta Defence","url":"https:\/\/tinextadefence.it\/","logo":{"@type":"ImageObject","inLanguage":"en-GB","@id":"https:\/\/tinextadefence.it\/#\/schema\/logo\/image\/","url":"https:\/\/tinextadefence.it\/wp-content\/uploads\/2025\/03\/Tinexta_Defence_marchio.png","contentUrl":"https:\/\/tinextadefence.it\/wp-content\/uploads\/2025\/03\/Tinexta_Defence_marchio.png","width":2000,"height":990,"caption":"Tinexta Defence"},"image":{"@id":"https:\/\/tinextadefence.it\/#\/schema\/logo\/image\/"}},{"@type":"Person","@id":"https:\/\/tinextadefence.it\/#\/schema\/person\/1f5092d13bbba815b7d8508dc4a0a941","name":"Simone Sorte","image":{"@type":"ImageObject","inLanguage":"en-GB","@id":"https:\/\/tinextadefence.it\/#\/schema\/person\/image\/","url":"https:\/\/secure.gravatar.com\/avatar\/32dedea25589c73ac8f3d6a24a91a3de89a9dbecfeb8badd55816a91df1c8a31?s=96&d=mm&r=g","contentUrl":"https:\/\/secure.gravatar.com\/avatar\/32dedea25589c73ac8f3d6a24a91a3de89a9dbecfeb8badd55816a91df1c8a31?s=96&d=mm&r=g","caption":"Simone Sorte"}}]}},"_links":{"self":[{"href":"https:\/\/tinextadefence.it\/en\/wp-json\/wp\/v2\/posts\/20839","targetHints":{"allow":["GET"]}}],"collection":[{"href":"https:\/\/tinextadefence.it\/en\/wp-json\/wp\/v2\/posts"}],"about":[{"href":"https:\/\/tinextadefence.it\/en\/wp-json\/wp\/v2\/types\/post"}],"author":[{"embeddable":true,"href":"https:\/\/tinextadefence.it\/en\/wp-json\/wp\/v2\/users\/2"}],"replies":[{"embeddable":true,"href":"https:\/\/tinextadefence.it\/en\/wp-json\/wp\/v2\/comments?post=20839"}],"version-history":[{"count":0,"href":"https:\/\/tinextadefence.it\/en\/wp-json\/wp\/v2\/posts\/20839\/revisions"}],"wp:featuredmedia":[{"embeddable":true,"href":"https:\/\/tinextadefence.it\/en\/wp-json\/wp\/v2\/media\/26257"}],"wp:attachment":[{"href":"https:\/\/tinextadefence.it\/en\/wp-json\/wp\/v2\/media?parent=20839"}],"wp:term":[{"taxonomy":"category","embeddable":true,"href":"https:\/\/tinextadefence.it\/en\/wp-json\/wp\/v2\/categories?post=20839"},{"taxonomy":"post_tag","embeddable":true,"href":"https:\/\/tinextadefence.it\/en\/wp-json\/wp\/v2\/tags?post=20839"}],"curies":[{"name":"wp","href":"https:\/\/api.w.org\/{rel}","templated":true}]}}