{"id":20904,"date":"2023-09-15T09:30:00","date_gmt":"2023-09-15T07:30:00","guid":{"rendered":"https:\/\/www.defencetech.it\/?p=20904"},"modified":"2025-03-27T13:19:10","modified_gmt":"2025-03-27T12:19:10","slug":"international-day-of-democracy-2","status":"publish","type":"post","link":"https:\/\/tinextadefence.it\/en\/international-day-of-democracy-2\/","title":{"rendered":"International Day of Democracy"},"content":{"rendered":"<p>15 September is the <strong>International Day of Democracy<\/strong>, an important date not only for institutions or organisations working to protect public safety, but also for every individual.\u00a0<\/p>\n\n\n\n<p>Because Democracy is a status that most of us are born into, but also an achievement that cannot be taken for granted, achieved with effort and realised every day.&nbsp;<\/p>\n\n\n\n<p><em>So, happy Democracy Day!\u00a0<\/em><\/p>","protected":false},"excerpt":{"rendered":"<p>15 September marks the International Day of Democracy, an important date not only for institutions or bodies working to protect public safety, but also for every single individual. Because democracy is a status most of us are born into, but also a result that is not to be taken for granted, achieved [\u2026]<\/p>","protected":false},"author":2,"featured_media":26257,"comment_status":"closed","ping_status":"closed","sticky":false,"template":"","format":"standard","meta":{"_acf_changed":false,"footnotes":""},"categories":[99,6],"tags":[110],"class_list":["post-20904","post","type-post","status-publish","format-standard","has-post-thumbnail","hentry","category-tinextadefencenews","category-news","tag-articoli"],"acf":[],"yoast_head":"<!-- This site is optimized with the Yoast SEO plugin v25.8 - https:\/\/yoast.com\/wordpress\/plugins\/seo\/ -->\n<title>Giornata internazionale della Democrazia - Tinexta Defence<\/title>\n<meta name=\"robots\" content=\"index, follow, max-snippet:-1, max-image-preview:large, max-video-preview:-1\" \/>\n<link rel=\"canonical\" href=\"https:\/\/tinextadefence.it\/en\/international-day-of-democracy-2\/\" \/>\n<meta property=\"og:locale\" content=\"en_GB\" \/>\n<meta property=\"og:type\" content=\"article\" \/>\n<meta property=\"og:title\" content=\"Giornata internazionale della Democrazia - Tinexta Defence\" \/>\n<meta property=\"og:description\" content=\"Il 15 settembre ricorre la Giornata internazionale della Democrazia, data importante non solo per le Istituzioni o per le realt\u00e0 che lavorano a tutela della pubblica sicurezza, ma anche per ogni singolo individuo.\u00a0 Perch\u00e9 la Democrazia \u00e8 uno status in cui la maggior parte di noi \u00e8 nato, ma anche un risultato non scontato, conseguito [&hellip;]\" \/>\n<meta property=\"og:url\" content=\"https:\/\/tinextadefence.it\/en\/international-day-of-democracy-2\/\" \/>\n<meta property=\"og:site_name\" content=\"Tinexta Defence\" \/>\n<meta property=\"article:published_time\" content=\"2023-09-15T07:30:00+00:00\" \/>\n<meta property=\"article:modified_time\" content=\"2025-03-27T12:19:10+00:00\" \/>\n<meta property=\"og:image\" content=\"https:\/\/tinextadefence.it\/wp-content\/uploads\/2025\/03\/Tinexta_Defence_evidenza_articolo.jpg\" \/>\n\t<meta property=\"og:image:width\" content=\"1200\" \/>\n\t<meta property=\"og:image:height\" content=\"640\" \/>\n\t<meta property=\"og:image:type\" content=\"image\/jpeg\" \/>\n<meta name=\"author\" content=\"Simone Sorte\" \/>\n<meta name=\"twitter:card\" content=\"summary_large_image\" \/>\n<meta name=\"twitter:label1\" content=\"Written by\" \/>\n\t<meta name=\"twitter:data1\" content=\"Simone Sorte\" \/>\n<script type=\"application\/ld+json\" class=\"yoast-schema-graph\">{\"@context\":\"https:\/\/schema.org\",\"@graph\":[{\"@type\":\"Article\",\"@id\":\"https:\/\/tinextadefence.it\/giornata-internazionale-della-democrazia-2\/#article\",\"isPartOf\":{\"@id\":\"https:\/\/tinextadefence.it\/giornata-internazionale-della-democrazia-2\/\"},\"author\":{\"name\":\"Simone Sorte\",\"@id\":\"https:\/\/tinextadefence.it\/#\/schema\/person\/1f5092d13bbba815b7d8508dc4a0a941\"},\"headline\":\"Giornata internazionale della Democrazia\",\"datePublished\":\"2023-09-15T07:30:00+00:00\",\"dateModified\":\"2025-03-27T12:19:10+00:00\",\"mainEntityOfPage\":{\"@id\":\"https:\/\/tinextadefence.it\/giornata-internazionale-della-democrazia-2\/\"},\"wordCount\":69,\"publisher\":{\"@id\":\"https:\/\/tinextadefence.it\/#organization\"},\"image\":{\"@id\":\"https:\/\/tinextadefence.it\/giornata-internazionale-della-democrazia-2\/#primaryimage\"},\"thumbnailUrl\":\"https:\/\/tinextadefence.it\/wp-content\/uploads\/2025\/03\/Tinexta_Defence_evidenza_articolo.jpg\",\"keywords\":[\"Articoli\"],\"articleSection\":[\"#TDefenceNews\",\"News\"],\"inLanguage\":\"en-GB\"},{\"@type\":\"WebPage\",\"@id\":\"https:\/\/tinextadefence.it\/giornata-internazionale-della-democrazia-2\/\",\"url\":\"https:\/\/tinextadefence.it\/giornata-internazionale-della-democrazia-2\/\",\"name\":\"Giornata internazionale della Democrazia - Tinexta Defence\",\"isPartOf\":{\"@id\":\"https:\/\/tinextadefence.it\/#website\"},\"primaryImageOfPage\":{\"@id\":\"https:\/\/tinextadefence.it\/giornata-internazionale-della-democrazia-2\/#primaryimage\"},\"image\":{\"@id\":\"https:\/\/tinextadefence.it\/giornata-internazionale-della-democrazia-2\/#primaryimage\"},\"thumbnailUrl\":\"https:\/\/tinextadefence.it\/wp-content\/uploads\/2025\/03\/Tinexta_Defence_evidenza_articolo.jpg\",\"datePublished\":\"2023-09-15T07:30:00+00:00\",\"dateModified\":\"2025-03-27T12:19:10+00:00\",\"breadcrumb\":{\"@id\":\"https:\/\/tinextadefence.it\/giornata-internazionale-della-democrazia-2\/#breadcrumb\"},\"inLanguage\":\"en-GB\",\"potentialAction\":[{\"@type\":\"ReadAction\",\"target\":[\"https:\/\/tinextadefence.it\/giornata-internazionale-della-democrazia-2\/\"]}]},{\"@type\":\"ImageObject\",\"inLanguage\":\"en-GB\",\"@id\":\"https:\/\/tinextadefence.it\/giornata-internazionale-della-democrazia-2\/#primaryimage\",\"url\":\"https:\/\/tinextadefence.it\/wp-content\/uploads\/2025\/03\/Tinexta_Defence_evidenza_articolo.jpg\",\"contentUrl\":\"https:\/\/tinextadefence.it\/wp-content\/uploads\/2025\/03\/Tinexta_Defence_evidenza_articolo.jpg\",\"width\":1200,\"height\":640,\"caption\":\"Immagine in evidenza astratta per gli articoli di Tinexta Defence\"},{\"@type\":\"BreadcrumbList\",\"@id\":\"https:\/\/tinextadefence.it\/giornata-internazionale-della-democrazia-2\/#breadcrumb\",\"itemListElement\":[{\"@type\":\"ListItem\",\"position\":1,\"name\":\"Home\",\"item\":\"https:\/\/tinextadefence.it\/\"},{\"@type\":\"ListItem\",\"position\":2,\"name\":\"Giornata internazionale della Democrazia\"}]},{\"@type\":\"WebSite\",\"@id\":\"https:\/\/tinextadefence.it\/#website\",\"url\":\"https:\/\/tinextadefence.it\/\",\"name\":\"Tinexta Defence\",\"description\":\"think next, protect now\",\"publisher\":{\"@id\":\"https:\/\/tinextadefence.it\/#organization\"},\"potentialAction\":[{\"@type\":\"SearchAction\",\"target\":{\"@type\":\"EntryPoint\",\"urlTemplate\":\"https:\/\/tinextadefence.it\/?s={search_term_string}\"},\"query-input\":{\"@type\":\"PropertyValueSpecification\",\"valueRequired\":true,\"valueName\":\"search_term_string\"}}],\"inLanguage\":\"en-GB\"},{\"@type\":\"Organization\",\"@id\":\"https:\/\/tinextadefence.it\/#organization\",\"name\":\"Tinexta Defence\",\"url\":\"https:\/\/tinextadefence.it\/\",\"logo\":{\"@type\":\"ImageObject\",\"inLanguage\":\"en-GB\",\"@id\":\"https:\/\/tinextadefence.it\/#\/schema\/logo\/image\/\",\"url\":\"https:\/\/tinextadefence.it\/wp-content\/uploads\/2025\/03\/Tinexta_Defence_marchio.png\",\"contentUrl\":\"https:\/\/tinextadefence.it\/wp-content\/uploads\/2025\/03\/Tinexta_Defence_marchio.png\",\"width\":2000,\"height\":990,\"caption\":\"Tinexta Defence\"},\"image\":{\"@id\":\"https:\/\/tinextadefence.it\/#\/schema\/logo\/image\/\"}},{\"@type\":\"Person\",\"@id\":\"https:\/\/tinextadefence.it\/#\/schema\/person\/1f5092d13bbba815b7d8508dc4a0a941\",\"name\":\"Simone Sorte\",\"image\":{\"@type\":\"ImageObject\",\"inLanguage\":\"en-GB\",\"@id\":\"https:\/\/tinextadefence.it\/#\/schema\/person\/image\/\",\"url\":\"https:\/\/secure.gravatar.com\/avatar\/32dedea25589c73ac8f3d6a24a91a3de89a9dbecfeb8badd55816a91df1c8a31?s=96&d=mm&r=g\",\"contentUrl\":\"https:\/\/secure.gravatar.com\/avatar\/32dedea25589c73ac8f3d6a24a91a3de89a9dbecfeb8badd55816a91df1c8a31?s=96&d=mm&r=g\",\"caption\":\"Simone Sorte\"}}]}<\/script>\n<!-- \/ Yoast SEO plugin. -->","yoast_head_json":{"title":"International Day of Democracy - Tinexta Defence","robots":{"index":"index","follow":"follow","max-snippet":"max-snippet:-1","max-image-preview":"max-image-preview:large","max-video-preview":"max-video-preview:-1"},"canonical":"https:\/\/tinextadefence.it\/en\/international-day-of-democracy-2\/","og_locale":"en_GB","og_type":"article","og_title":"Giornata internazionale della Democrazia - Tinexta Defence","og_description":"Il 15 settembre ricorre la Giornata internazionale della Democrazia, data importante non solo per le Istituzioni o per le realt\u00e0 che lavorano a tutela della pubblica sicurezza, ma anche per ogni singolo individuo.\u00a0 Perch\u00e9 la Democrazia \u00e8 uno status in cui la maggior parte di noi \u00e8 nato, ma anche un risultato non scontato, conseguito [&hellip;]","og_url":"https:\/\/tinextadefence.it\/en\/international-day-of-democracy-2\/","og_site_name":"Tinexta Defence","article_published_time":"2023-09-15T07:30:00+00:00","article_modified_time":"2025-03-27T12:19:10+00:00","og_image":[{"width":1200,"height":640,"url":"https:\/\/tinextadefence.it\/wp-content\/uploads\/2025\/03\/Tinexta_Defence_evidenza_articolo.jpg","type":"image\/jpeg"}],"author":"Simone Sorte","twitter_card":"summary_large_image","twitter_misc":{"Written by":"Simone Sorte"},"schema":{"@context":"https:\/\/schema.org","@graph":[{"@type":"Article","@id":"https:\/\/tinextadefence.it\/giornata-internazionale-della-democrazia-2\/#article","isPartOf":{"@id":"https:\/\/tinextadefence.it\/giornata-internazionale-della-democrazia-2\/"},"author":{"name":"Simone Sorte","@id":"https:\/\/tinextadefence.it\/#\/schema\/person\/1f5092d13bbba815b7d8508dc4a0a941"},"headline":"Giornata internazionale della Democrazia","datePublished":"2023-09-15T07:30:00+00:00","dateModified":"2025-03-27T12:19:10+00:00","mainEntityOfPage":{"@id":"https:\/\/tinextadefence.it\/giornata-internazionale-della-democrazia-2\/"},"wordCount":69,"publisher":{"@id":"https:\/\/tinextadefence.it\/#organization"},"image":{"@id":"https:\/\/tinextadefence.it\/giornata-internazionale-della-democrazia-2\/#primaryimage"},"thumbnailUrl":"https:\/\/tinextadefence.it\/wp-content\/uploads\/2025\/03\/Tinexta_Defence_evidenza_articolo.jpg","keywords":["Articoli"],"articleSection":["#TDefenceNews","News"],"inLanguage":"en-GB"},{"@type":"WebPage","@id":"https:\/\/tinextadefence.it\/giornata-internazionale-della-democrazia-2\/","url":"https:\/\/tinextadefence.it\/giornata-internazionale-della-democrazia-2\/","name":"International Day of Democracy - Tinexta Defence","isPartOf":{"@id":"https:\/\/tinextadefence.it\/#website"},"primaryImageOfPage":{"@id":"https:\/\/tinextadefence.it\/giornata-internazionale-della-democrazia-2\/#primaryimage"},"image":{"@id":"https:\/\/tinextadefence.it\/giornata-internazionale-della-democrazia-2\/#primaryimage"},"thumbnailUrl":"https:\/\/tinextadefence.it\/wp-content\/uploads\/2025\/03\/Tinexta_Defence_evidenza_articolo.jpg","datePublished":"2023-09-15T07:30:00+00:00","dateModified":"2025-03-27T12:19:10+00:00","breadcrumb":{"@id":"https:\/\/tinextadefence.it\/giornata-internazionale-della-democrazia-2\/#breadcrumb"},"inLanguage":"en-GB","potentialAction":[{"@type":"ReadAction","target":["https:\/\/tinextadefence.it\/giornata-internazionale-della-democrazia-2\/"]}]},{"@type":"ImageObject","inLanguage":"en-GB","@id":"https:\/\/tinextadefence.it\/giornata-internazionale-della-democrazia-2\/#primaryimage","url":"https:\/\/tinextadefence.it\/wp-content\/uploads\/2025\/03\/Tinexta_Defence_evidenza_articolo.jpg","contentUrl":"https:\/\/tinextadefence.it\/wp-content\/uploads\/2025\/03\/Tinexta_Defence_evidenza_articolo.jpg","width":1200,"height":640,"caption":"Immagine in evidenza astratta per gli articoli di Tinexta Defence"},{"@type":"BreadcrumbList","@id":"https:\/\/tinextadefence.it\/giornata-internazionale-della-democrazia-2\/#breadcrumb","itemListElement":[{"@type":"ListItem","position":1,"name":"Home","item":"https:\/\/tinextadefence.it\/"},{"@type":"ListItem","position":2,"name":"Giornata internazionale della Democrazia"}]},{"@type":"WebSite","@id":"https:\/\/tinextadefence.it\/#website","url":"https:\/\/tinextadefence.it\/","name":"Tinexta Defence","description":"think next, protect now","publisher":{"@id":"https:\/\/tinextadefence.it\/#organization"},"potentialAction":[{"@type":"SearchAction","target":{"@type":"EntryPoint","urlTemplate":"https:\/\/tinextadefence.it\/?s={search_term_string}"},"query-input":{"@type":"PropertyValueSpecification","valueRequired":true,"valueName":"search_term_string"}}],"inLanguage":"en-GB"},{"@type":"Organization","@id":"https:\/\/tinextadefence.it\/#organization","name":"Tinexta Defence","url":"https:\/\/tinextadefence.it\/","logo":{"@type":"ImageObject","inLanguage":"en-GB","@id":"https:\/\/tinextadefence.it\/#\/schema\/logo\/image\/","url":"https:\/\/tinextadefence.it\/wp-content\/uploads\/2025\/03\/Tinexta_Defence_marchio.png","contentUrl":"https:\/\/tinextadefence.it\/wp-content\/uploads\/2025\/03\/Tinexta_Defence_marchio.png","width":2000,"height":990,"caption":"Tinexta Defence"},"image":{"@id":"https:\/\/tinextadefence.it\/#\/schema\/logo\/image\/"}},{"@type":"Person","@id":"https:\/\/tinextadefence.it\/#\/schema\/person\/1f5092d13bbba815b7d8508dc4a0a941","name":"Simone Sorte","image":{"@type":"ImageObject","inLanguage":"en-GB","@id":"https:\/\/tinextadefence.it\/#\/schema\/person\/image\/","url":"https:\/\/secure.gravatar.com\/avatar\/32dedea25589c73ac8f3d6a24a91a3de89a9dbecfeb8badd55816a91df1c8a31?s=96&d=mm&r=g","contentUrl":"https:\/\/secure.gravatar.com\/avatar\/32dedea25589c73ac8f3d6a24a91a3de89a9dbecfeb8badd55816a91df1c8a31?s=96&d=mm&r=g","caption":"Simone Sorte"}}]}},"_links":{"self":[{"href":"https:\/\/tinextadefence.it\/en\/wp-json\/wp\/v2\/posts\/20904","targetHints":{"allow":["GET"]}}],"collection":[{"href":"https:\/\/tinextadefence.it\/en\/wp-json\/wp\/v2\/posts"}],"about":[{"href":"https:\/\/tinextadefence.it\/en\/wp-json\/wp\/v2\/types\/post"}],"author":[{"embeddable":true,"href":"https:\/\/tinextadefence.it\/en\/wp-json\/wp\/v2\/users\/2"}],"replies":[{"embeddable":true,"href":"https:\/\/tinextadefence.it\/en\/wp-json\/wp\/v2\/comments?post=20904"}],"version-history":[{"count":0,"href":"https:\/\/tinextadefence.it\/en\/wp-json\/wp\/v2\/posts\/20904\/revisions"}],"wp:featuredmedia":[{"embeddable":true,"href":"https:\/\/tinextadefence.it\/en\/wp-json\/wp\/v2\/media\/26257"}],"wp:attachment":[{"href":"https:\/\/tinextadefence.it\/en\/wp-json\/wp\/v2\/media?parent=20904"}],"wp:term":[{"taxonomy":"category","embeddable":true,"href":"https:\/\/tinextadefence.it\/en\/wp-json\/wp\/v2\/categories?post=20904"},{"taxonomy":"post_tag","embeddable":true,"href":"https:\/\/tinextadefence.it\/en\/wp-json\/wp\/v2\/tags?post=20904"}],"curies":[{"name":"wp","href":"https:\/\/api.w.org\/{rel}","templated":true}]}}