{"id":21235,"date":"2023-12-08T10:30:00","date_gmt":"2023-12-08T09:30:00","guid":{"rendered":"https:\/\/www.defencetech.it\/?p=21235"},"modified":"2025-03-27T13:18:48","modified_gmt":"2025-03-27T12:18:48","slug":"career-day-at-the-university-of-laquila","status":"publish","type":"post","link":"https:\/\/tinextadefence.it\/en\/career-day-at-the-university-of-laquila\/","title":{"rendered":"Career day at the University of L'Aquila"},"content":{"rendered":"<p>On Thursday 14 December we will be present at the<strong>University of L'Aquila<\/strong> for the last Career Day in 2023.\u00a0<\/p>\n\n\n\n<p>In the exhibition area, we will collect applications from students (graduate and undergraduate) and give all young people present the opportunity to learn about open professional positions, have individual interviews and hand in their CVs.\u00a0<\/p>\n\n\n\n<p>It was an intense year, we travelled from north to south Italy, meeting hundreds of interested and interesting young minds.&nbsp;<\/p>\n\n\n\n<p>All that remains is for us to recharge our batteries in preparation for a 2024 that will see us travelling even further.&nbsp;<\/p>","protected":false},"excerpt":{"rendered":"<p>On Thursday 14 December, we will be present at the University of L'Aquila for the last Career Day of 2023.  In the exhibition area, we will be collecting applications from students (graduate and undergraduate) and will give all young people present the opportunity to find out about open professional positions, have individual interviews and hand in their CVs.  It has been a busy year, [...]<\/p>","protected":false},"author":2,"featured_media":26257,"comment_status":"closed","ping_status":"closed","sticky":false,"template":"","format":"standard","meta":{"_acf_changed":false,"footnotes":""},"categories":[99,6],"tags":[110],"class_list":["post-21235","post","type-post","status-publish","format-standard","has-post-thumbnail","hentry","category-tinextadefencenews","category-news","tag-articoli"],"acf":[],"yoast_head":"<!-- This site is optimized with the Yoast SEO plugin v25.8 - https:\/\/yoast.com\/wordpress\/plugins\/seo\/ -->\n<title>Career day all&#039;Universit\u00e0 dell&#039;Aquila - Tinexta Defence<\/title>\n<meta name=\"robots\" content=\"index, follow, max-snippet:-1, max-image-preview:large, max-video-preview:-1\" \/>\n<link rel=\"canonical\" href=\"https:\/\/tinextadefence.it\/en\/career-day-at-the-university-of-laquila\/\" \/>\n<meta property=\"og:locale\" content=\"en_GB\" \/>\n<meta property=\"og:type\" content=\"article\" \/>\n<meta property=\"og:title\" content=\"Career day all&#039;Universit\u00e0 dell&#039;Aquila - Tinexta Defence\" \/>\n<meta property=\"og:description\" content=\"Gioved\u00ec 14 dicembre saremo presenti all&#8217;Universit\u00e0 degli studi dell&#8217;Aquila per l&#8217;ultimo Career day del 2023.\u00a0 Nell&#8217;area espositiva, raccoglieremo le domande di studentesse e studenti (laureati e non) e daremo la possibilit\u00e0 a tutti i giovani presenti di conoscere le posizioni professionali aperte, sostenere colloqui individuali e consegnare i propri curricula.\u00a0 \u00c8 stato un anno intenso, [&hellip;]\" \/>\n<meta property=\"og:url\" content=\"https:\/\/tinextadefence.it\/en\/career-day-at-the-university-of-laquila\/\" \/>\n<meta property=\"og:site_name\" content=\"Tinexta Defence\" \/>\n<meta property=\"article:published_time\" content=\"2023-12-08T09:30:00+00:00\" \/>\n<meta property=\"article:modified_time\" content=\"2025-03-27T12:18:48+00:00\" \/>\n<meta property=\"og:image\" content=\"https:\/\/tinextadefence.it\/wp-content\/uploads\/2025\/03\/Tinexta_Defence_evidenza_articolo.jpg\" \/>\n\t<meta property=\"og:image:width\" content=\"1200\" \/>\n\t<meta property=\"og:image:height\" content=\"640\" \/>\n\t<meta property=\"og:image:type\" content=\"image\/jpeg\" \/>\n<meta name=\"author\" content=\"Simone Sorte\" \/>\n<meta name=\"twitter:card\" content=\"summary_large_image\" \/>\n<meta name=\"twitter:label1\" content=\"Written by\" \/>\n\t<meta name=\"twitter:data1\" content=\"Simone Sorte\" \/>\n<script type=\"application\/ld+json\" class=\"yoast-schema-graph\">{\"@context\":\"https:\/\/schema.org\",\"@graph\":[{\"@type\":\"Article\",\"@id\":\"https:\/\/tinextadefence.it\/career-day-alluniversita-dellaquila\/#article\",\"isPartOf\":{\"@id\":\"https:\/\/tinextadefence.it\/career-day-alluniversita-dellaquila\/\"},\"author\":{\"name\":\"Simone Sorte\",\"@id\":\"https:\/\/tinextadefence.it\/#\/schema\/person\/1f5092d13bbba815b7d8508dc4a0a941\"},\"headline\":\"Career day all&#8217;Universit\u00e0 dell&#8217;Aquila\",\"datePublished\":\"2023-12-08T09:30:00+00:00\",\"dateModified\":\"2025-03-27T12:18:48+00:00\",\"mainEntityOfPage\":{\"@id\":\"https:\/\/tinextadefence.it\/career-day-alluniversita-dellaquila\/\"},\"wordCount\":95,\"publisher\":{\"@id\":\"https:\/\/tinextadefence.it\/#organization\"},\"image\":{\"@id\":\"https:\/\/tinextadefence.it\/career-day-alluniversita-dellaquila\/#primaryimage\"},\"thumbnailUrl\":\"https:\/\/tinextadefence.it\/wp-content\/uploads\/2025\/03\/Tinexta_Defence_evidenza_articolo.jpg\",\"keywords\":[\"Articoli\"],\"articleSection\":[\"#TDefenceNews\",\"News\"],\"inLanguage\":\"en-GB\"},{\"@type\":\"WebPage\",\"@id\":\"https:\/\/tinextadefence.it\/career-day-alluniversita-dellaquila\/\",\"url\":\"https:\/\/tinextadefence.it\/career-day-alluniversita-dellaquila\/\",\"name\":\"Career day all'Universit\u00e0 dell'Aquila - Tinexta Defence\",\"isPartOf\":{\"@id\":\"https:\/\/tinextadefence.it\/#website\"},\"primaryImageOfPage\":{\"@id\":\"https:\/\/tinextadefence.it\/career-day-alluniversita-dellaquila\/#primaryimage\"},\"image\":{\"@id\":\"https:\/\/tinextadefence.it\/career-day-alluniversita-dellaquila\/#primaryimage\"},\"thumbnailUrl\":\"https:\/\/tinextadefence.it\/wp-content\/uploads\/2025\/03\/Tinexta_Defence_evidenza_articolo.jpg\",\"datePublished\":\"2023-12-08T09:30:00+00:00\",\"dateModified\":\"2025-03-27T12:18:48+00:00\",\"breadcrumb\":{\"@id\":\"https:\/\/tinextadefence.it\/career-day-alluniversita-dellaquila\/#breadcrumb\"},\"inLanguage\":\"en-GB\",\"potentialAction\":[{\"@type\":\"ReadAction\",\"target\":[\"https:\/\/tinextadefence.it\/career-day-alluniversita-dellaquila\/\"]}]},{\"@type\":\"ImageObject\",\"inLanguage\":\"en-GB\",\"@id\":\"https:\/\/tinextadefence.it\/career-day-alluniversita-dellaquila\/#primaryimage\",\"url\":\"https:\/\/tinextadefence.it\/wp-content\/uploads\/2025\/03\/Tinexta_Defence_evidenza_articolo.jpg\",\"contentUrl\":\"https:\/\/tinextadefence.it\/wp-content\/uploads\/2025\/03\/Tinexta_Defence_evidenza_articolo.jpg\",\"width\":1200,\"height\":640,\"caption\":\"Immagine in evidenza astratta per gli articoli di Tinexta Defence\"},{\"@type\":\"BreadcrumbList\",\"@id\":\"https:\/\/tinextadefence.it\/career-day-alluniversita-dellaquila\/#breadcrumb\",\"itemListElement\":[{\"@type\":\"ListItem\",\"position\":1,\"name\":\"Home\",\"item\":\"https:\/\/tinextadefence.it\/\"},{\"@type\":\"ListItem\",\"position\":2,\"name\":\"Career day all&#8217;Universit\u00e0 dell&#8217;Aquila\"}]},{\"@type\":\"WebSite\",\"@id\":\"https:\/\/tinextadefence.it\/#website\",\"url\":\"https:\/\/tinextadefence.it\/\",\"name\":\"Tinexta Defence\",\"description\":\"think next, protect now\",\"publisher\":{\"@id\":\"https:\/\/tinextadefence.it\/#organization\"},\"potentialAction\":[{\"@type\":\"SearchAction\",\"target\":{\"@type\":\"EntryPoint\",\"urlTemplate\":\"https:\/\/tinextadefence.it\/?s={search_term_string}\"},\"query-input\":{\"@type\":\"PropertyValueSpecification\",\"valueRequired\":true,\"valueName\":\"search_term_string\"}}],\"inLanguage\":\"en-GB\"},{\"@type\":\"Organization\",\"@id\":\"https:\/\/tinextadefence.it\/#organization\",\"name\":\"Tinexta Defence\",\"url\":\"https:\/\/tinextadefence.it\/\",\"logo\":{\"@type\":\"ImageObject\",\"inLanguage\":\"en-GB\",\"@id\":\"https:\/\/tinextadefence.it\/#\/schema\/logo\/image\/\",\"url\":\"https:\/\/tinextadefence.it\/wp-content\/uploads\/2025\/03\/Tinexta_Defence_marchio.png\",\"contentUrl\":\"https:\/\/tinextadefence.it\/wp-content\/uploads\/2025\/03\/Tinexta_Defence_marchio.png\",\"width\":2000,\"height\":990,\"caption\":\"Tinexta Defence\"},\"image\":{\"@id\":\"https:\/\/tinextadefence.it\/#\/schema\/logo\/image\/\"}},{\"@type\":\"Person\",\"@id\":\"https:\/\/tinextadefence.it\/#\/schema\/person\/1f5092d13bbba815b7d8508dc4a0a941\",\"name\":\"Simone Sorte\",\"image\":{\"@type\":\"ImageObject\",\"inLanguage\":\"en-GB\",\"@id\":\"https:\/\/tinextadefence.it\/#\/schema\/person\/image\/\",\"url\":\"https:\/\/secure.gravatar.com\/avatar\/32dedea25589c73ac8f3d6a24a91a3de89a9dbecfeb8badd55816a91df1c8a31?s=96&d=mm&r=g\",\"contentUrl\":\"https:\/\/secure.gravatar.com\/avatar\/32dedea25589c73ac8f3d6a24a91a3de89a9dbecfeb8badd55816a91df1c8a31?s=96&d=mm&r=g\",\"caption\":\"Simone Sorte\"}}]}<\/script>\n<!-- \/ Yoast SEO plugin. -->","yoast_head_json":{"title":"Career day at the University of L'Aquila - Tinexta Defence","robots":{"index":"index","follow":"follow","max-snippet":"max-snippet:-1","max-image-preview":"max-image-preview:large","max-video-preview":"max-video-preview:-1"},"canonical":"https:\/\/tinextadefence.it\/en\/career-day-at-the-university-of-laquila\/","og_locale":"en_GB","og_type":"article","og_title":"Career day all'Universit\u00e0 dell'Aquila - Tinexta Defence","og_description":"Gioved\u00ec 14 dicembre saremo presenti all&#8217;Universit\u00e0 degli studi dell&#8217;Aquila per l&#8217;ultimo Career day del 2023.\u00a0 Nell&#8217;area espositiva, raccoglieremo le domande di studentesse e studenti (laureati e non) e daremo la possibilit\u00e0 a tutti i giovani presenti di conoscere le posizioni professionali aperte, sostenere colloqui individuali e consegnare i propri curricula.\u00a0 \u00c8 stato un anno intenso, [&hellip;]","og_url":"https:\/\/tinextadefence.it\/en\/career-day-at-the-university-of-laquila\/","og_site_name":"Tinexta Defence","article_published_time":"2023-12-08T09:30:00+00:00","article_modified_time":"2025-03-27T12:18:48+00:00","og_image":[{"width":1200,"height":640,"url":"https:\/\/tinextadefence.it\/wp-content\/uploads\/2025\/03\/Tinexta_Defence_evidenza_articolo.jpg","type":"image\/jpeg"}],"author":"Simone Sorte","twitter_card":"summary_large_image","twitter_misc":{"Written by":"Simone Sorte"},"schema":{"@context":"https:\/\/schema.org","@graph":[{"@type":"Article","@id":"https:\/\/tinextadefence.it\/career-day-alluniversita-dellaquila\/#article","isPartOf":{"@id":"https:\/\/tinextadefence.it\/career-day-alluniversita-dellaquila\/"},"author":{"name":"Simone Sorte","@id":"https:\/\/tinextadefence.it\/#\/schema\/person\/1f5092d13bbba815b7d8508dc4a0a941"},"headline":"Career day all&#8217;Universit\u00e0 dell&#8217;Aquila","datePublished":"2023-12-08T09:30:00+00:00","dateModified":"2025-03-27T12:18:48+00:00","mainEntityOfPage":{"@id":"https:\/\/tinextadefence.it\/career-day-alluniversita-dellaquila\/"},"wordCount":95,"publisher":{"@id":"https:\/\/tinextadefence.it\/#organization"},"image":{"@id":"https:\/\/tinextadefence.it\/career-day-alluniversita-dellaquila\/#primaryimage"},"thumbnailUrl":"https:\/\/tinextadefence.it\/wp-content\/uploads\/2025\/03\/Tinexta_Defence_evidenza_articolo.jpg","keywords":["Articoli"],"articleSection":["#TDefenceNews","News"],"inLanguage":"en-GB"},{"@type":"WebPage","@id":"https:\/\/tinextadefence.it\/career-day-alluniversita-dellaquila\/","url":"https:\/\/tinextadefence.it\/career-day-alluniversita-dellaquila\/","name":"Career day at the University of L'Aquila - Tinexta Defence","isPartOf":{"@id":"https:\/\/tinextadefence.it\/#website"},"primaryImageOfPage":{"@id":"https:\/\/tinextadefence.it\/career-day-alluniversita-dellaquila\/#primaryimage"},"image":{"@id":"https:\/\/tinextadefence.it\/career-day-alluniversita-dellaquila\/#primaryimage"},"thumbnailUrl":"https:\/\/tinextadefence.it\/wp-content\/uploads\/2025\/03\/Tinexta_Defence_evidenza_articolo.jpg","datePublished":"2023-12-08T09:30:00+00:00","dateModified":"2025-03-27T12:18:48+00:00","breadcrumb":{"@id":"https:\/\/tinextadefence.it\/career-day-alluniversita-dellaquila\/#breadcrumb"},"inLanguage":"en-GB","potentialAction":[{"@type":"ReadAction","target":["https:\/\/tinextadefence.it\/career-day-alluniversita-dellaquila\/"]}]},{"@type":"ImageObject","inLanguage":"en-GB","@id":"https:\/\/tinextadefence.it\/career-day-alluniversita-dellaquila\/#primaryimage","url":"https:\/\/tinextadefence.it\/wp-content\/uploads\/2025\/03\/Tinexta_Defence_evidenza_articolo.jpg","contentUrl":"https:\/\/tinextadefence.it\/wp-content\/uploads\/2025\/03\/Tinexta_Defence_evidenza_articolo.jpg","width":1200,"height":640,"caption":"Immagine in evidenza astratta per gli articoli di Tinexta Defence"},{"@type":"BreadcrumbList","@id":"https:\/\/tinextadefence.it\/career-day-alluniversita-dellaquila\/#breadcrumb","itemListElement":[{"@type":"ListItem","position":1,"name":"Home","item":"https:\/\/tinextadefence.it\/"},{"@type":"ListItem","position":2,"name":"Career day all&#8217;Universit\u00e0 dell&#8217;Aquila"}]},{"@type":"WebSite","@id":"https:\/\/tinextadefence.it\/#website","url":"https:\/\/tinextadefence.it\/","name":"Tinexta Defence","description":"think next, protect now","publisher":{"@id":"https:\/\/tinextadefence.it\/#organization"},"potentialAction":[{"@type":"SearchAction","target":{"@type":"EntryPoint","urlTemplate":"https:\/\/tinextadefence.it\/?s={search_term_string}"},"query-input":{"@type":"PropertyValueSpecification","valueRequired":true,"valueName":"search_term_string"}}],"inLanguage":"en-GB"},{"@type":"Organization","@id":"https:\/\/tinextadefence.it\/#organization","name":"Tinexta Defence","url":"https:\/\/tinextadefence.it\/","logo":{"@type":"ImageObject","inLanguage":"en-GB","@id":"https:\/\/tinextadefence.it\/#\/schema\/logo\/image\/","url":"https:\/\/tinextadefence.it\/wp-content\/uploads\/2025\/03\/Tinexta_Defence_marchio.png","contentUrl":"https:\/\/tinextadefence.it\/wp-content\/uploads\/2025\/03\/Tinexta_Defence_marchio.png","width":2000,"height":990,"caption":"Tinexta Defence"},"image":{"@id":"https:\/\/tinextadefence.it\/#\/schema\/logo\/image\/"}},{"@type":"Person","@id":"https:\/\/tinextadefence.it\/#\/schema\/person\/1f5092d13bbba815b7d8508dc4a0a941","name":"Simone Sorte","image":{"@type":"ImageObject","inLanguage":"en-GB","@id":"https:\/\/tinextadefence.it\/#\/schema\/person\/image\/","url":"https:\/\/secure.gravatar.com\/avatar\/32dedea25589c73ac8f3d6a24a91a3de89a9dbecfeb8badd55816a91df1c8a31?s=96&d=mm&r=g","contentUrl":"https:\/\/secure.gravatar.com\/avatar\/32dedea25589c73ac8f3d6a24a91a3de89a9dbecfeb8badd55816a91df1c8a31?s=96&d=mm&r=g","caption":"Simone Sorte"}}]}},"_links":{"self":[{"href":"https:\/\/tinextadefence.it\/en\/wp-json\/wp\/v2\/posts\/21235","targetHints":{"allow":["GET"]}}],"collection":[{"href":"https:\/\/tinextadefence.it\/en\/wp-json\/wp\/v2\/posts"}],"about":[{"href":"https:\/\/tinextadefence.it\/en\/wp-json\/wp\/v2\/types\/post"}],"author":[{"embeddable":true,"href":"https:\/\/tinextadefence.it\/en\/wp-json\/wp\/v2\/users\/2"}],"replies":[{"embeddable":true,"href":"https:\/\/tinextadefence.it\/en\/wp-json\/wp\/v2\/comments?post=21235"}],"version-history":[{"count":0,"href":"https:\/\/tinextadefence.it\/en\/wp-json\/wp\/v2\/posts\/21235\/revisions"}],"wp:featuredmedia":[{"embeddable":true,"href":"https:\/\/tinextadefence.it\/en\/wp-json\/wp\/v2\/media\/26257"}],"wp:attachment":[{"href":"https:\/\/tinextadefence.it\/en\/wp-json\/wp\/v2\/media?parent=21235"}],"wp:term":[{"taxonomy":"category","embeddable":true,"href":"https:\/\/tinextadefence.it\/en\/wp-json\/wp\/v2\/categories?post=21235"},{"taxonomy":"post_tag","embeddable":true,"href":"https:\/\/tinextadefence.it\/en\/wp-json\/wp\/v2\/tags?post=21235"}],"curies":[{"name":"wp","href":"https:\/\/api.w.org\/{rel}","templated":true}]}}