{"id":23718,"date":"2024-11-04T10:00:00","date_gmt":"2024-11-04T09:00:00","guid":{"rendered":"https:\/\/www.defencetech.it\/?p=23718"},"modified":"2025-03-27T13:15:01","modified_gmt":"2025-03-27T12:15:01","slug":"national-unity-and-armed-forces-day-2","status":"publish","type":"post","link":"https:\/\/tinextadefence.it\/en\/national-unity-and-armed-forces-day-2\/","title":{"rendered":"National Unity and Armed Forces Day"},"content":{"rendered":"<p>4 November is a special date for our country: we celebrate the<strong>National Unity<\/strong> and we honour the sacrifice and commitment of the <strong>Armed Forces<\/strong>. This day reminds us of the value of cohesion and solidarity, of those who gave their lives to defend our freedom and our territory.&nbsp;<\/p>\n\n\n\n<p>It is also an opportunity to recognise the invaluable contribution of our military personnel, who, yesterday as today, work with dedication and spirit of service, holding firm to the values of peace, protection and respect for the community.&nbsp;<\/p>\n\n\n\n<p><em>Happy National Unity and Armed Forces Day!<\/em>&nbsp;<\/p>","protected":false},"excerpt":{"rendered":"<p>Il 4 novembre \u00e8 una data speciale per il nostro Paese: celebriamo l&#8217;Unit\u00e0 nazionale e onoriamo il sacrificio e l\u2019impegno delle Forze Armate. Questa giornata ci ricorda il valore della coesione e della solidariet\u00e0, di chi ha dato la propria vita per difendere la nostra libert\u00e0 e il nostro territorio.&nbsp; \u00c8 anche un\u2019occasione per riconoscere [&hellip;]<\/p>","protected":false},"author":2,"featured_media":26257,"comment_status":"closed","ping_status":"closed","sticky":false,"template":"","format":"standard","meta":{"_acf_changed":false,"footnotes":""},"categories":[99,6],"tags":[110],"class_list":["post-23718","post","type-post","status-publish","format-standard","has-post-thumbnail","hentry","category-tinextadefencenews","category-news","tag-articoli"],"acf":[],"yoast_head":"<!-- This site is optimized with the Yoast SEO plugin v25.8 - https:\/\/yoast.com\/wordpress\/plugins\/seo\/ -->\n<title>Festa dell&#039;Unit\u00e0 nazionale e delle Forze Armate - Tinexta Defence<\/title>\n<meta name=\"robots\" content=\"index, follow, max-snippet:-1, max-image-preview:large, max-video-preview:-1\" \/>\n<link rel=\"canonical\" href=\"https:\/\/tinextadefence.it\/en\/national-unity-and-armed-forces-day-2\/\" \/>\n<meta property=\"og:locale\" content=\"en_GB\" \/>\n<meta property=\"og:type\" content=\"article\" \/>\n<meta property=\"og:title\" content=\"Festa dell&#039;Unit\u00e0 nazionale e delle Forze Armate - Tinexta Defence\" \/>\n<meta property=\"og:description\" content=\"Il 4 novembre \u00e8 una data speciale per il nostro Paese: celebriamo l&#8217;Unit\u00e0 nazionale e onoriamo il sacrificio e l\u2019impegno delle Forze Armate. Questa giornata ci ricorda il valore della coesione e della solidariet\u00e0, di chi ha dato la propria vita per difendere la nostra libert\u00e0 e il nostro territorio.&nbsp; \u00c8 anche un\u2019occasione per riconoscere [&hellip;]\" \/>\n<meta property=\"og:url\" content=\"https:\/\/tinextadefence.it\/en\/national-unity-and-armed-forces-day-2\/\" \/>\n<meta property=\"og:site_name\" content=\"Tinexta Defence\" \/>\n<meta property=\"article:published_time\" content=\"2024-11-04T09:00:00+00:00\" \/>\n<meta property=\"article:modified_time\" content=\"2025-03-27T12:15:01+00:00\" \/>\n<meta property=\"og:image\" content=\"https:\/\/tinextadefence.it\/wp-content\/uploads\/2025\/03\/Tinexta_Defence_evidenza_articolo.jpg\" \/>\n\t<meta property=\"og:image:width\" content=\"1200\" \/>\n\t<meta property=\"og:image:height\" content=\"640\" \/>\n\t<meta property=\"og:image:type\" content=\"image\/jpeg\" \/>\n<meta name=\"author\" content=\"Simone Sorte\" \/>\n<meta name=\"twitter:card\" content=\"summary_large_image\" \/>\n<meta name=\"twitter:label1\" content=\"Written by\" \/>\n\t<meta name=\"twitter:data1\" content=\"Simone Sorte\" \/>\n<script type=\"application\/ld+json\" class=\"yoast-schema-graph\">{\"@context\":\"https:\/\/schema.org\",\"@graph\":[{\"@type\":\"Article\",\"@id\":\"https:\/\/tinextadefence.it\/festa-dellunita-nazionale-e-delle-forze-armate-2\/#article\",\"isPartOf\":{\"@id\":\"https:\/\/tinextadefence.it\/festa-dellunita-nazionale-e-delle-forze-armate-2\/\"},\"author\":{\"name\":\"Simone Sorte\",\"@id\":\"https:\/\/tinextadefence.it\/#\/schema\/person\/1f5092d13bbba815b7d8508dc4a0a941\"},\"headline\":\"Festa dell&#8217;Unit\u00e0 nazionale e delle Forze Armate\",\"datePublished\":\"2024-11-04T09:00:00+00:00\",\"dateModified\":\"2025-03-27T12:15:01+00:00\",\"mainEntityOfPage\":{\"@id\":\"https:\/\/tinextadefence.it\/festa-dellunita-nazionale-e-delle-forze-armate-2\/\"},\"wordCount\":106,\"publisher\":{\"@id\":\"https:\/\/tinextadefence.it\/#organization\"},\"image\":{\"@id\":\"https:\/\/tinextadefence.it\/festa-dellunita-nazionale-e-delle-forze-armate-2\/#primaryimage\"},\"thumbnailUrl\":\"https:\/\/tinextadefence.it\/wp-content\/uploads\/2025\/03\/Tinexta_Defence_evidenza_articolo.jpg\",\"keywords\":[\"Articoli\"],\"articleSection\":[\"#TDefenceNews\",\"News\"],\"inLanguage\":\"en-GB\"},{\"@type\":\"WebPage\",\"@id\":\"https:\/\/tinextadefence.it\/festa-dellunita-nazionale-e-delle-forze-armate-2\/\",\"url\":\"https:\/\/tinextadefence.it\/festa-dellunita-nazionale-e-delle-forze-armate-2\/\",\"name\":\"Festa dell'Unit\u00e0 nazionale e delle Forze Armate - Tinexta Defence\",\"isPartOf\":{\"@id\":\"https:\/\/tinextadefence.it\/#website\"},\"primaryImageOfPage\":{\"@id\":\"https:\/\/tinextadefence.it\/festa-dellunita-nazionale-e-delle-forze-armate-2\/#primaryimage\"},\"image\":{\"@id\":\"https:\/\/tinextadefence.it\/festa-dellunita-nazionale-e-delle-forze-armate-2\/#primaryimage\"},\"thumbnailUrl\":\"https:\/\/tinextadefence.it\/wp-content\/uploads\/2025\/03\/Tinexta_Defence_evidenza_articolo.jpg\",\"datePublished\":\"2024-11-04T09:00:00+00:00\",\"dateModified\":\"2025-03-27T12:15:01+00:00\",\"breadcrumb\":{\"@id\":\"https:\/\/tinextadefence.it\/festa-dellunita-nazionale-e-delle-forze-armate-2\/#breadcrumb\"},\"inLanguage\":\"en-GB\",\"potentialAction\":[{\"@type\":\"ReadAction\",\"target\":[\"https:\/\/tinextadefence.it\/festa-dellunita-nazionale-e-delle-forze-armate-2\/\"]}]},{\"@type\":\"ImageObject\",\"inLanguage\":\"en-GB\",\"@id\":\"https:\/\/tinextadefence.it\/festa-dellunita-nazionale-e-delle-forze-armate-2\/#primaryimage\",\"url\":\"https:\/\/tinextadefence.it\/wp-content\/uploads\/2025\/03\/Tinexta_Defence_evidenza_articolo.jpg\",\"contentUrl\":\"https:\/\/tinextadefence.it\/wp-content\/uploads\/2025\/03\/Tinexta_Defence_evidenza_articolo.jpg\",\"width\":1200,\"height\":640,\"caption\":\"Immagine in evidenza astratta per gli articoli di Tinexta Defence\"},{\"@type\":\"BreadcrumbList\",\"@id\":\"https:\/\/tinextadefence.it\/festa-dellunita-nazionale-e-delle-forze-armate-2\/#breadcrumb\",\"itemListElement\":[{\"@type\":\"ListItem\",\"position\":1,\"name\":\"Home\",\"item\":\"https:\/\/tinextadefence.it\/\"},{\"@type\":\"ListItem\",\"position\":2,\"name\":\"Festa dell&#8217;Unit\u00e0 nazionale e delle Forze Armate\"}]},{\"@type\":\"WebSite\",\"@id\":\"https:\/\/tinextadefence.it\/#website\",\"url\":\"https:\/\/tinextadefence.it\/\",\"name\":\"Tinexta Defence\",\"description\":\"think next, protect now\",\"publisher\":{\"@id\":\"https:\/\/tinextadefence.it\/#organization\"},\"potentialAction\":[{\"@type\":\"SearchAction\",\"target\":{\"@type\":\"EntryPoint\",\"urlTemplate\":\"https:\/\/tinextadefence.it\/?s={search_term_string}\"},\"query-input\":{\"@type\":\"PropertyValueSpecification\",\"valueRequired\":true,\"valueName\":\"search_term_string\"}}],\"inLanguage\":\"en-GB\"},{\"@type\":\"Organization\",\"@id\":\"https:\/\/tinextadefence.it\/#organization\",\"name\":\"Tinexta Defence\",\"url\":\"https:\/\/tinextadefence.it\/\",\"logo\":{\"@type\":\"ImageObject\",\"inLanguage\":\"en-GB\",\"@id\":\"https:\/\/tinextadefence.it\/#\/schema\/logo\/image\/\",\"url\":\"https:\/\/tinextadefence.it\/wp-content\/uploads\/2025\/03\/Tinexta_Defence_marchio.png\",\"contentUrl\":\"https:\/\/tinextadefence.it\/wp-content\/uploads\/2025\/03\/Tinexta_Defence_marchio.png\",\"width\":2000,\"height\":990,\"caption\":\"Tinexta Defence\"},\"image\":{\"@id\":\"https:\/\/tinextadefence.it\/#\/schema\/logo\/image\/\"}},{\"@type\":\"Person\",\"@id\":\"https:\/\/tinextadefence.it\/#\/schema\/person\/1f5092d13bbba815b7d8508dc4a0a941\",\"name\":\"Simone Sorte\",\"image\":{\"@type\":\"ImageObject\",\"inLanguage\":\"en-GB\",\"@id\":\"https:\/\/tinextadefence.it\/#\/schema\/person\/image\/\",\"url\":\"https:\/\/secure.gravatar.com\/avatar\/32dedea25589c73ac8f3d6a24a91a3de89a9dbecfeb8badd55816a91df1c8a31?s=96&d=mm&r=g\",\"contentUrl\":\"https:\/\/secure.gravatar.com\/avatar\/32dedea25589c73ac8f3d6a24a91a3de89a9dbecfeb8badd55816a91df1c8a31?s=96&d=mm&r=g\",\"caption\":\"Simone Sorte\"}}]}<\/script>\n<!-- \/ Yoast SEO plugin. -->","yoast_head_json":{"title":"National Unity and Armed Forces Day - Tinexta Defence","robots":{"index":"index","follow":"follow","max-snippet":"max-snippet:-1","max-image-preview":"max-image-preview:large","max-video-preview":"max-video-preview:-1"},"canonical":"https:\/\/tinextadefence.it\/en\/national-unity-and-armed-forces-day-2\/","og_locale":"en_GB","og_type":"article","og_title":"Festa dell'Unit\u00e0 nazionale e delle Forze Armate - Tinexta Defence","og_description":"Il 4 novembre \u00e8 una data speciale per il nostro Paese: celebriamo l&#8217;Unit\u00e0 nazionale e onoriamo il sacrificio e l\u2019impegno delle Forze Armate. Questa giornata ci ricorda il valore della coesione e della solidariet\u00e0, di chi ha dato la propria vita per difendere la nostra libert\u00e0 e il nostro territorio.&nbsp; \u00c8 anche un\u2019occasione per riconoscere [&hellip;]","og_url":"https:\/\/tinextadefence.it\/en\/national-unity-and-armed-forces-day-2\/","og_site_name":"Tinexta Defence","article_published_time":"2024-11-04T09:00:00+00:00","article_modified_time":"2025-03-27T12:15:01+00:00","og_image":[{"width":1200,"height":640,"url":"https:\/\/tinextadefence.it\/wp-content\/uploads\/2025\/03\/Tinexta_Defence_evidenza_articolo.jpg","type":"image\/jpeg"}],"author":"Simone Sorte","twitter_card":"summary_large_image","twitter_misc":{"Written by":"Simone Sorte"},"schema":{"@context":"https:\/\/schema.org","@graph":[{"@type":"Article","@id":"https:\/\/tinextadefence.it\/festa-dellunita-nazionale-e-delle-forze-armate-2\/#article","isPartOf":{"@id":"https:\/\/tinextadefence.it\/festa-dellunita-nazionale-e-delle-forze-armate-2\/"},"author":{"name":"Simone Sorte","@id":"https:\/\/tinextadefence.it\/#\/schema\/person\/1f5092d13bbba815b7d8508dc4a0a941"},"headline":"Festa dell&#8217;Unit\u00e0 nazionale e delle Forze Armate","datePublished":"2024-11-04T09:00:00+00:00","dateModified":"2025-03-27T12:15:01+00:00","mainEntityOfPage":{"@id":"https:\/\/tinextadefence.it\/festa-dellunita-nazionale-e-delle-forze-armate-2\/"},"wordCount":106,"publisher":{"@id":"https:\/\/tinextadefence.it\/#organization"},"image":{"@id":"https:\/\/tinextadefence.it\/festa-dellunita-nazionale-e-delle-forze-armate-2\/#primaryimage"},"thumbnailUrl":"https:\/\/tinextadefence.it\/wp-content\/uploads\/2025\/03\/Tinexta_Defence_evidenza_articolo.jpg","keywords":["Articoli"],"articleSection":["#TDefenceNews","News"],"inLanguage":"en-GB"},{"@type":"WebPage","@id":"https:\/\/tinextadefence.it\/festa-dellunita-nazionale-e-delle-forze-armate-2\/","url":"https:\/\/tinextadefence.it\/festa-dellunita-nazionale-e-delle-forze-armate-2\/","name":"National Unity and Armed Forces Day - Tinexta Defence","isPartOf":{"@id":"https:\/\/tinextadefence.it\/#website"},"primaryImageOfPage":{"@id":"https:\/\/tinextadefence.it\/festa-dellunita-nazionale-e-delle-forze-armate-2\/#primaryimage"},"image":{"@id":"https:\/\/tinextadefence.it\/festa-dellunita-nazionale-e-delle-forze-armate-2\/#primaryimage"},"thumbnailUrl":"https:\/\/tinextadefence.it\/wp-content\/uploads\/2025\/03\/Tinexta_Defence_evidenza_articolo.jpg","datePublished":"2024-11-04T09:00:00+00:00","dateModified":"2025-03-27T12:15:01+00:00","breadcrumb":{"@id":"https:\/\/tinextadefence.it\/festa-dellunita-nazionale-e-delle-forze-armate-2\/#breadcrumb"},"inLanguage":"en-GB","potentialAction":[{"@type":"ReadAction","target":["https:\/\/tinextadefence.it\/festa-dellunita-nazionale-e-delle-forze-armate-2\/"]}]},{"@type":"ImageObject","inLanguage":"en-GB","@id":"https:\/\/tinextadefence.it\/festa-dellunita-nazionale-e-delle-forze-armate-2\/#primaryimage","url":"https:\/\/tinextadefence.it\/wp-content\/uploads\/2025\/03\/Tinexta_Defence_evidenza_articolo.jpg","contentUrl":"https:\/\/tinextadefence.it\/wp-content\/uploads\/2025\/03\/Tinexta_Defence_evidenza_articolo.jpg","width":1200,"height":640,"caption":"Immagine in evidenza astratta per gli articoli di Tinexta Defence"},{"@type":"BreadcrumbList","@id":"https:\/\/tinextadefence.it\/festa-dellunita-nazionale-e-delle-forze-armate-2\/#breadcrumb","itemListElement":[{"@type":"ListItem","position":1,"name":"Home","item":"https:\/\/tinextadefence.it\/"},{"@type":"ListItem","position":2,"name":"Festa dell&#8217;Unit\u00e0 nazionale e delle Forze Armate"}]},{"@type":"WebSite","@id":"https:\/\/tinextadefence.it\/#website","url":"https:\/\/tinextadefence.it\/","name":"Tinexta Defence","description":"think next, protect now","publisher":{"@id":"https:\/\/tinextadefence.it\/#organization"},"potentialAction":[{"@type":"SearchAction","target":{"@type":"EntryPoint","urlTemplate":"https:\/\/tinextadefence.it\/?s={search_term_string}"},"query-input":{"@type":"PropertyValueSpecification","valueRequired":true,"valueName":"search_term_string"}}],"inLanguage":"en-GB"},{"@type":"Organization","@id":"https:\/\/tinextadefence.it\/#organization","name":"Tinexta Defence","url":"https:\/\/tinextadefence.it\/","logo":{"@type":"ImageObject","inLanguage":"en-GB","@id":"https:\/\/tinextadefence.it\/#\/schema\/logo\/image\/","url":"https:\/\/tinextadefence.it\/wp-content\/uploads\/2025\/03\/Tinexta_Defence_marchio.png","contentUrl":"https:\/\/tinextadefence.it\/wp-content\/uploads\/2025\/03\/Tinexta_Defence_marchio.png","width":2000,"height":990,"caption":"Tinexta Defence"},"image":{"@id":"https:\/\/tinextadefence.it\/#\/schema\/logo\/image\/"}},{"@type":"Person","@id":"https:\/\/tinextadefence.it\/#\/schema\/person\/1f5092d13bbba815b7d8508dc4a0a941","name":"Simone Sorte","image":{"@type":"ImageObject","inLanguage":"en-GB","@id":"https:\/\/tinextadefence.it\/#\/schema\/person\/image\/","url":"https:\/\/secure.gravatar.com\/avatar\/32dedea25589c73ac8f3d6a24a91a3de89a9dbecfeb8badd55816a91df1c8a31?s=96&d=mm&r=g","contentUrl":"https:\/\/secure.gravatar.com\/avatar\/32dedea25589c73ac8f3d6a24a91a3de89a9dbecfeb8badd55816a91df1c8a31?s=96&d=mm&r=g","caption":"Simone Sorte"}}]}},"_links":{"self":[{"href":"https:\/\/tinextadefence.it\/en\/wp-json\/wp\/v2\/posts\/23718","targetHints":{"allow":["GET"]}}],"collection":[{"href":"https:\/\/tinextadefence.it\/en\/wp-json\/wp\/v2\/posts"}],"about":[{"href":"https:\/\/tinextadefence.it\/en\/wp-json\/wp\/v2\/types\/post"}],"author":[{"embeddable":true,"href":"https:\/\/tinextadefence.it\/en\/wp-json\/wp\/v2\/users\/2"}],"replies":[{"embeddable":true,"href":"https:\/\/tinextadefence.it\/en\/wp-json\/wp\/v2\/comments?post=23718"}],"version-history":[{"count":0,"href":"https:\/\/tinextadefence.it\/en\/wp-json\/wp\/v2\/posts\/23718\/revisions"}],"wp:featuredmedia":[{"embeddable":true,"href":"https:\/\/tinextadefence.it\/en\/wp-json\/wp\/v2\/media\/26257"}],"wp:attachment":[{"href":"https:\/\/tinextadefence.it\/en\/wp-json\/wp\/v2\/media?parent=23718"}],"wp:term":[{"taxonomy":"category","embeddable":true,"href":"https:\/\/tinextadefence.it\/en\/wp-json\/wp\/v2\/categories?post=23718"},{"taxonomy":"post_tag","embeddable":true,"href":"https:\/\/tinextadefence.it\/en\/wp-json\/wp\/v2\/tags?post=23718"}],"curies":[{"name":"wp","href":"https:\/\/api.w.org\/{rel}","templated":true}]}}